{"id":5137,"date":"2024-04-09T22:26:31","date_gmt":"2024-04-09T22:26:31","guid":{"rendered":"https:\/\/twobrotherscampervan.com\/?p=5137"},"modified":"2026-05-07T14:48:19","modified_gmt":"2026-05-07T14:48:19","slug":"ruta-circular-de-4-dias-desde-palma-de-mallorca-con-tu-camper","status":"publish","type":"post","link":"https:\/\/twobrotherscampervan.com\/en\/ruta-circular-de-4-dias-desde-palma-de-mallorca-con-tu-camper\/","title":{"rendered":"4 days circular route from palma de mallorca (with your camper)"},"content":{"rendered":"<div data-elementor-type=\"wp-post\" data-elementor-id=\"5137\" class=\"elementor elementor-5137\">\n\t\t\t\t\t\t<section class=\"elementor-section elementor-top-section elementor-element elementor-element-1d9a1ee2 elementor-section-boxed elementor-section-height-default elementor-section-height-default\" data-id=\"1d9a1ee2\" data-element_type=\"section\" data-e-type=\"section\">\n\t\t\t\t\t\t<div class=\"elementor-container elementor-column-gap-default\">\n\t\t\t\t\t<div class=\"elementor-column elementor-col-100 elementor-top-column elementor-element elementor-element-25f937e\" data-id=\"25f937e\" data-element_type=\"column\" data-e-type=\"column\">\n\t\t\t<div class=\"elementor-widget-wrap elementor-element-populated\">\n\t\t\t\t\t\t<section class=\"elementor-section elementor-inner-section elementor-element elementor-element-9e99df3 elementor-section-full_width elementor-section-height-min-height elementor-section-height-default\" data-id=\"9e99df3\" data-element_type=\"section\" data-e-type=\"section\">\n\t\t\t\t\t\t<div class=\"elementor-container elementor-column-gap-custom\">\n\t\t\t\t\t<div class=\"elementor-column elementor-col-100 elementor-inner-column elementor-element elementor-element-5380113\" data-id=\"5380113\" data-element_type=\"column\" data-e-type=\"column\" data-settings=\"{&quot;background_background&quot;:&quot;classic&quot;}\">\n\t\t\t<div class=\"elementor-widget-wrap elementor-element-populated\">\n\t\t\t\t\t\t<div class=\"elementor-element elementor-element-5ea7535 e-transform elementor-widget__width-initial elementor-widget elementor-widget-mphbe-search-form\" data-id=\"5ea7535\" data-element_type=\"widget\" data-e-type=\"widget\" data-settings=\"{&quot;hide_labels&quot;:&quot;yes&quot;,&quot;hide_tips&quot;:&quot;yes&quot;,&quot;stretch_btn&quot;:&quot;yes&quot;,&quot;_transform_translateX_effect&quot;:{&quot;unit&quot;:&quot;px&quot;,&quot;size&quot;:&quot;&quot;,&quot;sizes&quot;:[]},&quot;_transform_translateX_effect_tablet&quot;:{&quot;unit&quot;:&quot;px&quot;,&quot;size&quot;:&quot;&quot;,&quot;sizes&quot;:[]},&quot;_transform_translateX_effect_mobile&quot;:{&quot;unit&quot;:&quot;px&quot;,&quot;size&quot;:&quot;&quot;,&quot;sizes&quot;:[]},&quot;_transform_translateY_effect&quot;:{&quot;unit&quot;:&quot;px&quot;,&quot;size&quot;:&quot;&quot;,&quot;sizes&quot;:[]},&quot;_transform_translateY_effect_tablet&quot;:{&quot;unit&quot;:&quot;px&quot;,&quot;size&quot;:&quot;&quot;,&quot;sizes&quot;:[]},&quot;_transform_translateY_effect_mobile&quot;:{&quot;unit&quot;:&quot;px&quot;,&quot;size&quot;:&quot;&quot;,&quot;sizes&quot;:[]}}\" data-widget_type=\"mphbe-search-form.default\">\n\t\t\t\t<div class=\"elementor-widget-container\">\n\t\t\t\t\t<div class=\"mphb_sc_search-wrapper is-style-horizontal-form mphbs-hide-labels mphbs-hide-rf-tip mphbs-fluid-button mphbs-fw-25\">\n<form method=\"GET\" class=\"mphb_sc_search-form\" action=\"https:\/\/twobrotherscampervan.com\/en\/resultados\/\" data-first_available_check_in_date=\"2026-09-01\" data-trp-original-action=\"https:\/\/twobrotherscampervan.com\/en\/resultados\/\">\n\n\t<p class = \"mphb-required-fields-tip\">\n\t<small>\n\t\tRequired fields are followed by\t\t<abbr title=\"required\">*<\/abbr>\n\t<\/small>\n<\/p>\n\n\t<p class=\"mphb_sc_search-check-in-date\">\n\t\t<label for=\"mphb_check_in_date-mphb-search-form-6a9693ec7ffe3\">\n\t\t\tCheck-in\t\t\t<abbr title=\"Formatted as dd\/mm\/yyyy\">*<\/abbr>\n\t\t<\/label>\n\t\t<br \/>\n\t\t<input\n\t\t\tid=\"mphb_check_in_date-mphb-search-form-6a9693ec7ffe3\"\n\t\t\tdata-datepick-group=\"mphb-search-form-6a9693ec7ffe3\"\n\t\t\tvalue=\"\"\n\t\t\tplaceholder=\"Check-in Date\"\n\t\t\trequired=\"required\"\n\t\t\ttype=\"text\"\n\t\t\tinputmode=\"none\"\n\t\t\tname=\"mphb_check_in_date\"\n\t\t\tclass=\"mphb-datepick\"\n\t\t\tautocomplete=\"off\"\n\t\t\t\/>\n\t<\/p>\n\n\t<p class=\"mphb_sc_search-check-out-date\">\n\t\t<label for=\"mphb_check_out_date-mphb-search-form-6a9693ec7ffe3\">\n\t\t\tCheck-out\t\t\t<abbr title=\"Formatted as dd\/mm\/yyyy\">*<\/abbr>\n\t\t<\/label>\n\t\t<br \/>\n\t\t<input\n\t\t\tid=\"mphb_check_out_date-mphb-search-form-6a9693ec7ffe3\"\n\t\t\tdata-datepick-group=\"mphb-search-form-6a9693ec7ffe3\"\n\t\t\tvalue=\"\"\n\t\t\tplaceholder=\"Check-out Date\"\n\t\t\trequired=\"required\"\n\t\t\ttype=\"text\"\n\t\t\tinputmode=\"none\"\n\t\t\tname=\"mphb_check_out_date\"\n\t\t\tclass=\"mphb-datepick\"\n\t\t\tautocomplete=\"off\"\n\t\t\t\/>\n\t<\/p>\n\n\t\t\t<p class=\"mphb_sc_search-adults\">\n\t\t\t<label for=\"mphb_adults-mphb-search-form-6a9693ec7ffe3\">\n\t\t\t\tGuests\t\t\t<\/label>\n\t\t\t<br \/>\n\t\t\t<select id=\"mphb_adults-mphb-search-form-6a9693ec7ffe3\" name=\"mphb_adults\" >\n\t\t\t\t\t\t\t\t\t<option value=\"1\"  selected='selected'>1<\/option>\n\t\t\t\t\t\t\t\t\t<option value=\"2\" >2<\/option>\n\t\t\t\t\t\t\t\t\t<option value=\"3\" >3<\/option>\n\t\t\t\t\t\t\t\t\t<option value=\"4\" >4<\/option>\n\t\t\t\t\t\t\t\t\t<option value=\"5\" >5<\/option>\n\t\t\t\t\t\t\t<\/select>\n\t\t<\/p>\n\t\n\t\t\t<input type=\"hidden\" id=\"mphb_children-mphb-search-form-6a9693ec7ffe3\" name=\"mphb_children\" value=\"0\" \/>\n\t\n\t\n\t\n\t<input id=\"mphb_check_in_date-mphb-search-form-6a9693ec7ffe3-hidden\" value=\"\" type=\"hidden\" name=\"mphb_check_in_date\" \/><input id=\"mphb_check_out_date-mphb-search-form-6a9693ec7ffe3-hidden\" value=\"\" type=\"hidden\" name=\"mphb_check_out_date\" \/>\n\t<p class=\"mphb_sc_search-submit-button-wrapper\">\n\t\t<input type=\"submit\" class=\"button\" value=\"Search\"\/>\n\t<\/p>\n\n\t\n<input type=\"hidden\" name=\"trp-form-language\" value=\"en\"\/><\/form>\n<\/div>\t\t\t\t<\/div>\n\t\t\t\t<\/div>\n\t\t\t\t\t<\/div>\n\t\t<\/div>\n\t\t\t\t\t<\/div>\n\t\t<\/section>\n\t\t\t\t<div class=\"elementor-element elementor-element-5ec007cd elementor-widget elementor-widget-text-editor\" data-id=\"5ec007cd\" data-element_type=\"widget\" data-e-type=\"widget\" data-widget_type=\"text-editor.default\">\n\t\t\t\t<div class=\"elementor-widget-container\">\n\t\t\t\t\t\t\t\t\t\n<p class=\"wp-block-paragraph\">Touring Mallorca by camper van is a great way to explore the island and enjoy its varied landscapes, from white sandy beaches to rugged mountains and charming villages. Here is a suggested 4-day camper van tour of Mallorca:<\/p>\n\n<p class=\"wp-block-paragraph\"><strong>Day 1: Palma de Mallorca<\/strong><\/p>\n\n<ul class=\"wp-block-list\">\n<li>Start your journey in Palma de Mallorca, the island's capital. Visit the majestic Santa Maria Cathedral, the Almudaina Royal Palace and the charming Santa Catalina district.<\/li>\n\n<li>After exploring the town, head west to Cala Major beach to enjoy the sun and sea.<\/li>\n\n<li>In the afternoon, drive towards the Tramuntana mountain range and spend the night at one of the many natural viewpoints offering spectacular views of the coast.<\/li>\n<\/ul>\n\n<figure class=\"wp-block-image size-large\"><img fetchpriority=\"high\" decoding=\"async\" width=\"1024\" height=\"576\" class=\"wp-image-5138\" src=\"https:\/\/twobrotherscampervan.com\/wp-content\/uploads\/75c444ca-0560-4157-80e5-74848dd5fc55_16-9-discover-aspect-ratio_default_0-1024x576.jpeg\" alt=\"\" srcset=\"https:\/\/twobrotherscampervan.com\/wp-content\/uploads\/75c444ca-0560-4157-80e5-74848dd5fc55_16-9-discover-aspect-ratio_default_0-1024x576.jpeg 1024w, https:\/\/twobrotherscampervan.com\/wp-content\/uploads\/75c444ca-0560-4157-80e5-74848dd5fc55_16-9-discover-aspect-ratio_default_0-300x169.jpeg 300w, https:\/\/twobrotherscampervan.com\/wp-content\/uploads\/75c444ca-0560-4157-80e5-74848dd5fc55_16-9-discover-aspect-ratio_default_0-768x432.jpeg 768w, https:\/\/twobrotherscampervan.com\/wp-content\/uploads\/75c444ca-0560-4157-80e5-74848dd5fc55_16-9-discover-aspect-ratio_default_0.jpeg 1200w\" sizes=\"(max-width: 1024px) 100vw, 1024px\" \/><\/figure>\n\n<div class=\"wp-block-spacer\" style=\"height: 20px;\" aria-hidden=\"true\">\u00a0<\/div>\n\n<p class=\"wp-block-paragraph\">\u00a0<\/p>\n\t\t\t\t\t\t\t\t<\/div>\n\t\t\t\t<\/div>\n\t\t\t\t<section class=\"elementor-section elementor-inner-section elementor-element elementor-element-abc14fc elementor-section-boxed elementor-section-height-default elementor-section-height-default\" data-id=\"abc14fc\" data-element_type=\"section\" data-e-type=\"section\">\n\t\t\t\t\t\t<div class=\"elementor-container elementor-column-gap-default\">\n\t\t\t\t\t<div class=\"elementor-column elementor-col-100 elementor-inner-column elementor-element elementor-element-b049eeb\" data-id=\"b049eeb\" data-element_type=\"column\" data-e-type=\"column\" data-settings=\"{&quot;background_background&quot;:&quot;classic&quot;}\">\n\t\t\t<div class=\"elementor-widget-wrap elementor-element-populated\">\n\t\t\t\t\t\t<div class=\"elementor-element elementor-element-8be2aae e-transform elementor-widget__width-initial elementor-widget elementor-widget-mphbe-search-form\" data-id=\"8be2aae\" data-element_type=\"widget\" data-e-type=\"widget\" data-settings=\"{&quot;hide_labels&quot;:&quot;yes&quot;,&quot;hide_tips&quot;:&quot;yes&quot;,&quot;_transform_translateX_effect&quot;:{&quot;unit&quot;:&quot;px&quot;,&quot;size&quot;:&quot;&quot;,&quot;sizes&quot;:[]},&quot;_transform_translateX_effect_tablet&quot;:{&quot;unit&quot;:&quot;px&quot;,&quot;size&quot;:&quot;&quot;,&quot;sizes&quot;:[]},&quot;_transform_translateX_effect_mobile&quot;:{&quot;unit&quot;:&quot;px&quot;,&quot;size&quot;:&quot;&quot;,&quot;sizes&quot;:[]},&quot;_transform_translateY_effect&quot;:{&quot;unit&quot;:&quot;px&quot;,&quot;size&quot;:&quot;&quot;,&quot;sizes&quot;:[]},&quot;_transform_translateY_effect_tablet&quot;:{&quot;unit&quot;:&quot;px&quot;,&quot;size&quot;:&quot;&quot;,&quot;sizes&quot;:[]},&quot;_transform_translateY_effect_mobile&quot;:{&quot;unit&quot;:&quot;px&quot;,&quot;size&quot;:&quot;&quot;,&quot;sizes&quot;:[]}}\" data-widget_type=\"mphbe-search-form.default\">\n\t\t\t\t<div class=\"elementor-widget-container\">\n\t\t\t\t\t<div class=\"mphb_sc_search-wrapper is-style-horizontal-form mphbs-hide-labels mphbs-hide-rf-tip\">\n<form method=\"GET\" class=\"mphb_sc_search-form\" action=\"https:\/\/twobrotherscampervan.com\/en\/resultados\/\" data-first_available_check_in_date=\"2026-09-01\" data-trp-original-action=\"https:\/\/twobrotherscampervan.com\/en\/resultados\/\">\n\n\t<p class = \"mphb-required-fields-tip\">\n\t<small>\n\t\tRequired fields are followed by\t\t<abbr title=\"required\">*<\/abbr>\n\t<\/small>\n<\/p>\n\n\t<p class=\"mphb_sc_search-check-in-date\">\n\t\t<label for=\"mphb_check_in_date-mphb-search-form-6a9693ec8ea75\">\n\t\t\tCheck-in\t\t\t<abbr title=\"Formatted as dd\/mm\/yyyy\">*<\/abbr>\n\t\t<\/label>\n\t\t<br \/>\n\t\t<input\n\t\t\tid=\"mphb_check_in_date-mphb-search-form-6a9693ec8ea75\"\n\t\t\tdata-datepick-group=\"mphb-search-form-6a9693ec8ea75\"\n\t\t\tvalue=\"\"\n\t\t\tplaceholder=\"Check-in Date\"\n\t\t\trequired=\"required\"\n\t\t\ttype=\"text\"\n\t\t\tinputmode=\"none\"\n\t\t\tname=\"mphb_check_in_date\"\n\t\t\tclass=\"mphb-datepick\"\n\t\t\tautocomplete=\"off\"\n\t\t\t\/>\n\t<\/p>\n\n\t<p class=\"mphb_sc_search-check-out-date\">\n\t\t<label for=\"mphb_check_out_date-mphb-search-form-6a9693ec8ea75\">\n\t\t\tCheck-out\t\t\t<abbr title=\"Formatted as dd\/mm\/yyyy\">*<\/abbr>\n\t\t<\/label>\n\t\t<br \/>\n\t\t<input\n\t\t\tid=\"mphb_check_out_date-mphb-search-form-6a9693ec8ea75\"\n\t\t\tdata-datepick-group=\"mphb-search-form-6a9693ec8ea75\"\n\t\t\tvalue=\"\"\n\t\t\tplaceholder=\"Check-out Date\"\n\t\t\trequired=\"required\"\n\t\t\ttype=\"text\"\n\t\t\tinputmode=\"none\"\n\t\t\tname=\"mphb_check_out_date\"\n\t\t\tclass=\"mphb-datepick\"\n\t\t\tautocomplete=\"off\"\n\t\t\t\/>\n\t<\/p>\n\n\t\t\t<p class=\"mphb_sc_search-adults\">\n\t\t\t<label for=\"mphb_adults-mphb-search-form-6a9693ec8ea75\">\n\t\t\t\tGuests\t\t\t<\/label>\n\t\t\t<br \/>\n\t\t\t<select id=\"mphb_adults-mphb-search-form-6a9693ec8ea75\" name=\"mphb_adults\" >\n\t\t\t\t\t\t\t\t\t<option value=\"1\"  selected='selected'>1<\/option>\n\t\t\t\t\t\t\t\t\t<option value=\"2\" >2<\/option>\n\t\t\t\t\t\t\t\t\t<option value=\"3\" >3<\/option>\n\t\t\t\t\t\t\t\t\t<option value=\"4\" >4<\/option>\n\t\t\t\t\t\t\t\t\t<option value=\"5\" >5<\/option>\n\t\t\t\t\t\t\t<\/select>\n\t\t<\/p>\n\t\n\t\t\t<input type=\"hidden\" id=\"mphb_children-mphb-search-form-6a9693ec8ea75\" name=\"mphb_children\" value=\"0\" \/>\n\t\n\t\n\t\n\t<input id=\"mphb_check_in_date-mphb-search-form-6a9693ec8ea75-hidden\" value=\"\" type=\"hidden\" name=\"mphb_check_in_date\" \/><input id=\"mphb_check_out_date-mphb-search-form-6a9693ec8ea75-hidden\" value=\"\" type=\"hidden\" name=\"mphb_check_out_date\" \/>\n\t<p class=\"mphb_sc_search-submit-button-wrapper\">\n\t\t<input type=\"submit\" class=\"button\" value=\"Search\"\/>\n\t<\/p>\n\n\t\n<input type=\"hidden\" name=\"trp-form-language\" value=\"en\"\/><\/form>\n<\/div>\t\t\t\t<\/div>\n\t\t\t\t<\/div>\n\t\t\t\t\t<\/div>\n\t\t<\/div>\n\t\t\t\t\t<\/div>\n\t\t<\/section>\n\t\t\t\t<div class=\"elementor-element elementor-element-be1500a elementor-widget elementor-widget-text-editor\" data-id=\"be1500a\" data-element_type=\"widget\" data-e-type=\"widget\" data-widget_type=\"text-editor.default\">\n\t\t\t\t<div class=\"elementor-widget-container\">\n\t\t\t\t\t\t\t\t\t<p><strong>Day 2: From S\u00f3ller to Port de Pollen\u00e7a<\/strong><\/p>\n<p><!-- \/wp:paragraph --><!-- wp:list --><\/p>\n<ul><!-- wp:list-item -->\n<li>In the morning, drive to the charming village of S\u00f3ller and explore its cobbled streets and main square. Don't miss the vintage train from S\u00f3ller to the Port of S\u00f3ller, a scenic ride through the landscapes of the Tramuntana Mountains.<\/li>\n<!-- \/wp:list-item --><!-- wp:list-item -->\n<li>From Port de S\u00f3ller, follow the coastal road north to Port de Pollen\u00e7a. Stop along the way to enjoy the panoramic views and perhaps take a short walk.<\/li>\n<!-- \/wp:list-item --><!-- wp:list-item -->\n<li>Spend the night in Port de Pollen\u00e7a, where you will find parking areas for vans near the beach.<\/li>\n<!-- \/wp:list-item --><\/ul>\n<p><!-- \/wp:list --><!-- wp:image {\"id\":5112,\"sizeSlug\":\"large\",\"linkDestination\":\"none\"} --><\/p>\n<figure class=\"wp-block-image size-large\"><img decoding=\"async\" width=\"1024\" height=\"682\" class=\"wp-image-5112\" src=\"https:\/\/twobrotherscampervan.com\/wp-content\/uploads\/varadero-puerto-soller-1024x682.jpeg\" alt=\"\" srcset=\"https:\/\/twobrotherscampervan.com\/wp-content\/uploads\/varadero-puerto-soller-1024x682.jpeg 1024w, https:\/\/twobrotherscampervan.com\/wp-content\/uploads\/varadero-puerto-soller-300x200.jpeg 300w, https:\/\/twobrotherscampervan.com\/wp-content\/uploads\/varadero-puerto-soller-768x512.jpeg 768w, https:\/\/twobrotherscampervan.com\/wp-content\/uploads\/varadero-puerto-soller-1536x1024.jpeg 1536w, https:\/\/twobrotherscampervan.com\/wp-content\/uploads\/varadero-puerto-soller.jpeg 2000w\" sizes=\"(max-width: 1024px) 100vw, 1024px\" \/><\/figure>\n<p><!-- \/wp:image --><!-- wp:spacer {\"height\":\"20px\"} --><\/p>\n<div class=\"wp-block-spacer\" style=\"height: 20px;\" aria-hidden=\"true\">\u00a0<\/div>\n<p><!-- \/wp:spacer --><!-- wp:paragraph --><\/p>\n<p><strong>Day 3: Cap de Formentor and Alc\u00fadia<\/strong><\/p>\n<p><!-- \/wp:paragraph --><!-- wp:list --><\/p>\n<ul><!-- wp:list-item -->\n<li>Spend the morning exploring the impressive Cape Formentor, with its sheer cliffs and iconic lighthouse. Enjoy the panoramic views and the white sandy beach.<\/li>\n<!-- \/wp:list-item --><!-- wp:list-item -->\n<li>After lunch, drive east to the historic town of Alc\u00fadia. Explore its well-preserved old town, surrounded by medieval walls.<\/li>\n<!-- \/wp:list-item --><!-- wp:list-item -->\n<li>In the evening, you can look for a place to camp near Alc\u00fadia or return to Port de Pollen\u00e7a.<\/li>\n<!-- \/wp:list-item --><\/ul>\n<p><!-- \/wp:list --><!-- wp:image {\"id\":5085,\"sizeSlug\":\"full\",\"linkDestination\":\"none\"} --><\/p>\n<figure class=\"wp-block-image size-full\"><img decoding=\"async\" width=\"861\" height=\"571\" class=\"wp-image-5085\" src=\"https:\/\/twobrotherscampervan.com\/wp-content\/uploads\/CALA-BLANCA-COSTA-DE-LA-CALMA.webp\" alt=\"\" srcset=\"https:\/\/twobrotherscampervan.com\/wp-content\/uploads\/CALA-BLANCA-COSTA-DE-LA-CALMA.webp 861w, https:\/\/twobrotherscampervan.com\/wp-content\/uploads\/CALA-BLANCA-COSTA-DE-LA-CALMA-300x199.webp 300w, https:\/\/twobrotherscampervan.com\/wp-content\/uploads\/CALA-BLANCA-COSTA-DE-LA-CALMA-768x509.webp 768w\" sizes=\"(max-width: 861px) 100vw, 861px\" \/><\/figure>\n<p><!-- \/wp:image --><!-- wp:spacer {\"height\":\"20px\"} --><\/p>\n<div class=\"wp-block-spacer\" style=\"height: 20px;\" aria-hidden=\"true\">\u00a0<\/div>\n<p><!-- \/wp:spacer --><!-- wp:paragraph --><\/p>\n<p><strong>Day 4: Beaches of the east and return to Palma<\/strong><\/p>\n<p><!-- \/wp:paragraph --><!-- wp:list --><\/p>\n<ul><!-- wp:list-item -->\n<li>In the morning, explore some of the beautiful beaches in the east of Mallorca, such as Cala Millor, Cala Agulla or Cala Mesquida. Enjoy the sun and the sea before heading back to Palma.<\/li>\n<!-- \/wp:list-item --><!-- wp:list-item -->\n<li>On your way back to Palma, make a stop at the Drach Caves in Porto Cristo, where you can explore impressive stalactite and stalagmite formations.<\/li>\n<!-- \/wp:list-item --><!-- wp:list-item -->\n<li>Return to Palma in the evening and spend your last night in the city, perhaps enjoying dinner in one of its excellent restaurants or exploring its lively nightlife.<\/li>\n<!-- \/wp:list-item --><\/ul>\n<p><!-- \/wp:list --><!-- wp:paragraph --><\/p>\n<p>Always remember to respect the camping and RV parking regulations in Mallorca, as well as to take care of the environment during your trip. Enjoy your camper van adventure on this beautiful Mediterranean island!<\/p>\t\t\t\t\t\t\t\t<\/div>\n\t\t\t\t<\/div>\n\t\t\t\t<section class=\"elementor-section elementor-inner-section elementor-element elementor-element-8ab611f elementor-section-boxed elementor-section-height-default elementor-section-height-default\" data-id=\"8ab611f\" data-element_type=\"section\" data-e-type=\"section\">\n\t\t\t\t\t\t<div class=\"elementor-container elementor-column-gap-default\">\n\t\t\t\t\t<div class=\"elementor-column elementor-col-100 elementor-inner-column elementor-element elementor-element-4244cc1\" data-id=\"4244cc1\" data-element_type=\"column\" data-e-type=\"column\" data-settings=\"{&quot;background_background&quot;:&quot;classic&quot;}\">\n\t\t\t<div class=\"elementor-widget-wrap elementor-element-populated\">\n\t\t\t\t\t\t<div class=\"elementor-element elementor-element-f947368 e-transform elementor-widget__width-initial elementor-widget elementor-widget-mphbe-search-form\" data-id=\"f947368\" data-element_type=\"widget\" data-e-type=\"widget\" data-settings=\"{&quot;hide_labels&quot;:&quot;yes&quot;,&quot;hide_tips&quot;:&quot;yes&quot;,&quot;_transform_translateX_effect&quot;:{&quot;unit&quot;:&quot;px&quot;,&quot;size&quot;:&quot;&quot;,&quot;sizes&quot;:[]},&quot;_transform_translateX_effect_tablet&quot;:{&quot;unit&quot;:&quot;px&quot;,&quot;size&quot;:&quot;&quot;,&quot;sizes&quot;:[]},&quot;_transform_translateX_effect_mobile&quot;:{&quot;unit&quot;:&quot;px&quot;,&quot;size&quot;:&quot;&quot;,&quot;sizes&quot;:[]},&quot;_transform_translateY_effect&quot;:{&quot;unit&quot;:&quot;px&quot;,&quot;size&quot;:&quot;&quot;,&quot;sizes&quot;:[]},&quot;_transform_translateY_effect_tablet&quot;:{&quot;unit&quot;:&quot;px&quot;,&quot;size&quot;:&quot;&quot;,&quot;sizes&quot;:[]},&quot;_transform_translateY_effect_mobile&quot;:{&quot;unit&quot;:&quot;px&quot;,&quot;size&quot;:&quot;&quot;,&quot;sizes&quot;:[]}}\" data-widget_type=\"mphbe-search-form.default\">\n\t\t\t\t<div class=\"elementor-widget-container\">\n\t\t\t\t\t<div class=\"mphb_sc_search-wrapper is-style-horizontal-form mphbs-hide-labels mphbs-hide-rf-tip\">\n<form method=\"GET\" class=\"mphb_sc_search-form\" action=\"https:\/\/twobrotherscampervan.com\/en\/resultados\/\" data-first_available_check_in_date=\"2026-09-01\" data-trp-original-action=\"https:\/\/twobrotherscampervan.com\/en\/resultados\/\">\n\n\t<p class = \"mphb-required-fields-tip\">\n\t<small>\n\t\tRequired fields are followed by\t\t<abbr title=\"required\">*<\/abbr>\n\t<\/small>\n<\/p>\n\n\t<p class=\"mphb_sc_search-check-in-date\">\n\t\t<label for=\"mphb_check_in_date-mphb-search-form-6a9693ec90096\">\n\t\t\tCheck-in\t\t\t<abbr title=\"Formatted as dd\/mm\/yyyy\">*<\/abbr>\n\t\t<\/label>\n\t\t<br \/>\n\t\t<input\n\t\t\tid=\"mphb_check_in_date-mphb-search-form-6a9693ec90096\"\n\t\t\tdata-datepick-group=\"mphb-search-form-6a9693ec90096\"\n\t\t\tvalue=\"\"\n\t\t\tplaceholder=\"Check-in Date\"\n\t\t\trequired=\"required\"\n\t\t\ttype=\"text\"\n\t\t\tinputmode=\"none\"\n\t\t\tname=\"mphb_check_in_date\"\n\t\t\tclass=\"mphb-datepick\"\n\t\t\tautocomplete=\"off\"\n\t\t\t\/>\n\t<\/p>\n\n\t<p class=\"mphb_sc_search-check-out-date\">\n\t\t<label for=\"mphb_check_out_date-mphb-search-form-6a9693ec90096\">\n\t\t\tCheck-out\t\t\t<abbr title=\"Formatted as dd\/mm\/yyyy\">*<\/abbr>\n\t\t<\/label>\n\t\t<br \/>\n\t\t<input\n\t\t\tid=\"mphb_check_out_date-mphb-search-form-6a9693ec90096\"\n\t\t\tdata-datepick-group=\"mphb-search-form-6a9693ec90096\"\n\t\t\tvalue=\"\"\n\t\t\tplaceholder=\"Check-out Date\"\n\t\t\trequired=\"required\"\n\t\t\ttype=\"text\"\n\t\t\tinputmode=\"none\"\n\t\t\tname=\"mphb_check_out_date\"\n\t\t\tclass=\"mphb-datepick\"\n\t\t\tautocomplete=\"off\"\n\t\t\t\/>\n\t<\/p>\n\n\t\t\t<p class=\"mphb_sc_search-adults\">\n\t\t\t<label for=\"mphb_adults-mphb-search-form-6a9693ec90096\">\n\t\t\t\tGuests\t\t\t<\/label>\n\t\t\t<br \/>\n\t\t\t<select id=\"mphb_adults-mphb-search-form-6a9693ec90096\" name=\"mphb_adults\" >\n\t\t\t\t\t\t\t\t\t<option value=\"1\"  selected='selected'>1<\/option>\n\t\t\t\t\t\t\t\t\t<option value=\"2\" >2<\/option>\n\t\t\t\t\t\t\t\t\t<option value=\"3\" >3<\/option>\n\t\t\t\t\t\t\t\t\t<option value=\"4\" >4<\/option>\n\t\t\t\t\t\t\t\t\t<option value=\"5\" >5<\/option>\n\t\t\t\t\t\t\t<\/select>\n\t\t<\/p>\n\t\n\t\t\t<input type=\"hidden\" id=\"mphb_children-mphb-search-form-6a9693ec90096\" name=\"mphb_children\" value=\"0\" \/>\n\t\n\t\n\t\n\t<input id=\"mphb_check_in_date-mphb-search-form-6a9693ec90096-hidden\" value=\"\" type=\"hidden\" name=\"mphb_check_in_date\" \/><input id=\"mphb_check_out_date-mphb-search-form-6a9693ec90096-hidden\" value=\"\" type=\"hidden\" name=\"mphb_check_out_date\" \/>\n\t<p class=\"mphb_sc_search-submit-button-wrapper\">\n\t\t<input type=\"submit\" class=\"button\" value=\"Search\"\/>\n\t<\/p>\n\n\t\n<input type=\"hidden\" name=\"trp-form-language\" value=\"en\"\/><\/form>\n<\/div>\t\t\t\t<\/div>\n\t\t\t\t<\/div>\n\t\t\t\t\t<\/div>\n\t\t<\/div>\n\t\t\t\t\t<\/div>\n\t\t<\/section>\n\t\t\t\t\t<\/div>\n\t\t<\/div>\n\t\t\t\t\t<\/div>\n\t\t<\/section>\n\t\t\t\t<\/div>","protected":false},"excerpt":{"rendered":"<p>Los campos obligatorios son seguidos por * D\u00eda de llegada * D\u00eda de salida * Invitados 12345 Recorrer Mallorca en furgoneta camper es una excelente manera de explorar la isla y disfrutar de sus paisajes variados, desde playas de arena blanca hasta monta\u00f1as escarpadas y encantadores pueblos. Aqu\u00ed tienes una sugerencia de ruta de 4 [&hellip;]<\/p>\n","protected":false},"author":2,"featured_media":0,"comment_status":"closed","ping_status":"open","sticky":false,"template":"","format":"standard","meta":{"site-sidebar-layout":"default","site-content-layout":"","ast-site-content-layout":"default","site-content-style":"default","site-sidebar-style":"default","ast-global-header-display":"","ast-banner-title-visibility":"","ast-main-header-display":"","ast-hfb-above-header-display":"","ast-hfb-below-header-display":"","ast-hfb-mobile-header-display":"","site-post-title":"","ast-breadcrumbs-content":"","ast-featured-img":"","footer-sml-layout":"","ast-disable-related-posts":"","theme-transparent-header-meta":"","adv-header-id-meta":"","stick-header-meta":"","header-above-stick-meta":"","header-main-stick-meta":"","header-below-stick-meta":"","astra-migrate-meta-layouts":"default","ast-page-background-enabled":"default","ast-page-background-meta":{"desktop":{"background-color":"","background-image":"","background-repeat":"repeat","background-position":"center center","background-size":"auto","background-attachment":"scroll","background-type":"","background-media":"","overlay-type":"","overlay-color":"","overlay-opacity":"","overlay-gradient":""},"tablet":{"background-color":"","background-image":"","background-repeat":"repeat","background-position":"center center","background-size":"auto","background-attachment":"scroll","background-type":"","background-media":"","overlay-type":"","overlay-color":"","overlay-opacity":"","overlay-gradient":""},"mobile":{"background-color":"","background-image":"","background-repeat":"repeat","background-position":"center center","background-size":"auto","background-attachment":"scroll","background-type":"","background-media":"","overlay-type":"","overlay-color":"","overlay-opacity":"","overlay-gradient":""}},"ast-content-background-meta":{"desktop":{"background-color":"var(--ast-global-color-5)","background-image":"","background-repeat":"repeat","background-position":"center center","background-size":"auto","background-attachment":"scroll","background-type":"","background-media":"","overlay-type":"","overlay-color":"","overlay-opacity":"","overlay-gradient":""},"tablet":{"background-color":"var(--ast-global-color-5)","background-image":"","background-repeat":"repeat","background-position":"center center","background-size":"auto","background-attachment":"scroll","background-type":"","background-media":"","overlay-type":"","overlay-color":"","overlay-opacity":"","overlay-gradient":""},"mobile":{"background-color":"var(--ast-global-color-5)","background-image":"","background-repeat":"repeat","background-position":"center center","background-size":"auto","background-attachment":"scroll","background-type":"","background-media":"","overlay-type":"","overlay-color":"","overlay-opacity":"","overlay-gradient":""}},"footnotes":""},"categories":[1],"tags":[],"class_list":["post-5137","post","type-post","status-publish","format-standard","hentry","category-sin-categorizar"],"yoast_head":"<!-- This site is optimized with the Yoast SEO plugin v28.3 - https:\/\/yoast.com\/product\/yoast-seo-wordpress\/ -->\n<title>Ruta circular de 4 d\u00edas desde palma de mallorca (con tu camper) - Two Brothers CamperVan<\/title>\n<meta name=\"robots\" content=\"index, follow, max-snippet:-1, max-image-preview:large, max-video-preview:-1\" \/>\n<link rel=\"canonical\" href=\"https:\/\/twobrotherscampervan.com\/en\/ruta-circular-de-4-dias-desde-palma-de-mallorca-con-tu-camper\/\" \/>\n<meta property=\"og:locale\" content=\"en_GB\" \/>\n<meta property=\"og:type\" content=\"article\" \/>\n<meta property=\"og:title\" content=\"Ruta circular de 4 d\u00edas desde palma de mallorca (con tu camper) - Two Brothers CamperVan\" \/>\n<meta property=\"og:description\" content=\"Los campos obligatorios son seguidos por * D\u00eda de llegada * D\u00eda de salida * Invitados 12345 Recorrer Mallorca en furgoneta camper es una excelente manera de explorar la isla y disfrutar de sus paisajes variados, desde playas de arena blanca hasta monta\u00f1as escarpadas y encantadores pueblos. Aqu\u00ed tienes una sugerencia de ruta de 4 [&hellip;]\" \/>\n<meta property=\"og:url\" content=\"https:\/\/twobrotherscampervan.com\/en\/ruta-circular-de-4-dias-desde-palma-de-mallorca-con-tu-camper\/\" \/>\n<meta property=\"og:site_name\" content=\"Two Brothers CamperVan\" \/>\n<meta property=\"article:publisher\" content=\"https:\/\/www.facebook.com\/p\/twobrotherscampervan-100063508361247\/\" \/>\n<meta property=\"article:published_time\" content=\"2024-04-09T22:26:31+00:00\" \/>\n<meta property=\"article:modified_time\" content=\"2026-05-07T14:48:19+00:00\" \/>\n<meta property=\"og:image\" content=\"https:\/\/twobrotherscampervan.com\/wp-content\/uploads\/75c444ca-0560-4157-80e5-74848dd5fc55_16-9-discover-aspect-ratio_default_0.jpeg\" \/>\n\t<meta property=\"og:image:width\" content=\"1200\" \/>\n\t<meta property=\"og:image:height\" content=\"675\" \/>\n\t<meta property=\"og:image:type\" content=\"image\/jpeg\" \/>\n<meta name=\"author\" content=\"Cecilia Viejo\" \/>\n<meta name=\"twitter:card\" content=\"summary_large_image\" \/>\n<meta name=\"twitter:label1\" content=\"Written by\" \/>\n\t<meta name=\"twitter:data1\" content=\"Cecilia Viejo\" \/>\n\t<meta name=\"twitter:label2\" content=\"Estimated reading time\" \/>\n\t<meta name=\"twitter:data2\" content=\"3 minutes\" \/>\n<script type=\"application\/ld+json\" class=\"yoast-schema-graph\">{\"@context\":\"https:\\\/\\\/schema.org\",\"@graph\":[{\"@type\":\"Article\",\"@id\":\"https:\\\/\\\/twobrotherscampervan.com\\\/ruta-circular-de-4-dias-desde-palma-de-mallorca-con-tu-camper\\\/#article\",\"isPartOf\":{\"@id\":\"https:\\\/\\\/twobrotherscampervan.com\\\/ruta-circular-de-4-dias-desde-palma-de-mallorca-con-tu-camper\\\/\"},\"author\":{\"name\":\"Cecilia Viejo\",\"@id\":\"https:\\\/\\\/twobrotherscampervan.com\\\/#\\\/schema\\\/person\\\/cd2c9226a45a2a57a12fc4515e47b2cd\"},\"headline\":\"Ruta circular de 4 d\u00edas desde palma de mallorca (con tu camper)\",\"datePublished\":\"2024-04-09T22:26:31+00:00\",\"dateModified\":\"2026-05-07T14:48:19+00:00\",\"mainEntityOfPage\":{\"@id\":\"https:\\\/\\\/twobrotherscampervan.com\\\/ruta-circular-de-4-dias-desde-palma-de-mallorca-con-tu-camper\\\/\"},\"wordCount\":543,\"publisher\":{\"@id\":\"https:\\\/\\\/twobrotherscampervan.com\\\/#organization\"},\"image\":{\"@id\":\"https:\\\/\\\/twobrotherscampervan.com\\\/ruta-circular-de-4-dias-desde-palma-de-mallorca-con-tu-camper\\\/#primaryimage\"},\"thumbnailUrl\":\"https:\\\/\\\/twobrotherscampervan.com\\\/wp-content\\\/uploads\\\/75c444ca-0560-4157-80e5-74848dd5fc55_16-9-discover-aspect-ratio_default_0-1024x576.jpeg\",\"articleSection\":[\"Sin categorizar\"],\"inLanguage\":\"en-GB\"},{\"@type\":\"WebPage\",\"@id\":\"https:\\\/\\\/twobrotherscampervan.com\\\/ruta-circular-de-4-dias-desde-palma-de-mallorca-con-tu-camper\\\/\",\"url\":\"https:\\\/\\\/twobrotherscampervan.com\\\/ruta-circular-de-4-dias-desde-palma-de-mallorca-con-tu-camper\\\/\",\"name\":\"Ruta circular de 4 d\u00edas desde palma de mallorca (con tu camper) - Two Brothers CamperVan\",\"isPartOf\":{\"@id\":\"https:\\\/\\\/twobrotherscampervan.com\\\/#website\"},\"primaryImageOfPage\":{\"@id\":\"https:\\\/\\\/twobrotherscampervan.com\\\/ruta-circular-de-4-dias-desde-palma-de-mallorca-con-tu-camper\\\/#primaryimage\"},\"image\":{\"@id\":\"https:\\\/\\\/twobrotherscampervan.com\\\/ruta-circular-de-4-dias-desde-palma-de-mallorca-con-tu-camper\\\/#primaryimage\"},\"thumbnailUrl\":\"https:\\\/\\\/twobrotherscampervan.com\\\/wp-content\\\/uploads\\\/75c444ca-0560-4157-80e5-74848dd5fc55_16-9-discover-aspect-ratio_default_0-1024x576.jpeg\",\"datePublished\":\"2024-04-09T22:26:31+00:00\",\"dateModified\":\"2026-05-07T14:48:19+00:00\",\"breadcrumb\":{\"@id\":\"https:\\\/\\\/twobrotherscampervan.com\\\/ruta-circular-de-4-dias-desde-palma-de-mallorca-con-tu-camper\\\/#breadcrumb\"},\"inLanguage\":\"en-GB\",\"potentialAction\":[{\"@type\":\"ReadAction\",\"target\":[\"https:\\\/\\\/twobrotherscampervan.com\\\/ruta-circular-de-4-dias-desde-palma-de-mallorca-con-tu-camper\\\/\"]}]},{\"@type\":\"ImageObject\",\"inLanguage\":\"en-GB\",\"@id\":\"https:\\\/\\\/twobrotherscampervan.com\\\/ruta-circular-de-4-dias-desde-palma-de-mallorca-con-tu-camper\\\/#primaryimage\",\"url\":\"https:\\\/\\\/twobrotherscampervan.com\\\/wp-content\\\/uploads\\\/75c444ca-0560-4157-80e5-74848dd5fc55_16-9-discover-aspect-ratio_default_0-1024x576.jpeg\",\"contentUrl\":\"https:\\\/\\\/twobrotherscampervan.com\\\/wp-content\\\/uploads\\\/75c444ca-0560-4157-80e5-74848dd5fc55_16-9-discover-aspect-ratio_default_0-1024x576.jpeg\"},{\"@type\":\"BreadcrumbList\",\"@id\":\"https:\\\/\\\/twobrotherscampervan.com\\\/ruta-circular-de-4-dias-desde-palma-de-mallorca-con-tu-camper\\\/#breadcrumb\",\"itemListElement\":[{\"@type\":\"ListItem\",\"position\":1,\"name\":\"Portada\",\"item\":\"https:\\\/\\\/twobrotherscampervan.com\\\/\"},{\"@type\":\"ListItem\",\"position\":2,\"name\":\"Ruta circular de 4 d\u00edas desde palma de mallorca (con tu camper)\"}]},{\"@type\":\"WebSite\",\"@id\":\"https:\\\/\\\/twobrotherscampervan.com\\\/#website\",\"url\":\"https:\\\/\\\/twobrotherscampervan.com\\\/\",\"name\":\"Two Brothers CamperVan\",\"description\":\"Alquiler de campers Mallorca\",\"publisher\":{\"@id\":\"https:\\\/\\\/twobrotherscampervan.com\\\/#organization\"},\"potentialAction\":[{\"@type\":\"SearchAction\",\"target\":{\"@type\":\"EntryPoint\",\"urlTemplate\":\"https:\\\/\\\/twobrotherscampervan.com\\\/?s={search_term_string}\"},\"query-input\":{\"@type\":\"PropertyValueSpecification\",\"valueRequired\":true,\"valueName\":\"search_term_string\"}}],\"inLanguage\":\"en-GB\"},{\"@type\":\"Organization\",\"@id\":\"https:\\\/\\\/twobrotherscampervan.com\\\/#organization\",\"name\":\"Two Brothers CamperVan\",\"url\":\"https:\\\/\\\/twobrotherscampervan.com\\\/\",\"logo\":{\"@type\":\"ImageObject\",\"inLanguage\":\"en-GB\",\"@id\":\"https:\\\/\\\/twobrotherscampervan.com\\\/#\\\/schema\\\/logo\\\/image\\\/\",\"url\":\"https:\\\/\\\/twobrotherscampervan.com\\\/wp-content\\\/uploads\\\/cropped-cropped-cropped-logo-horizontal-scaled-1.png\",\"contentUrl\":\"https:\\\/\\\/twobrotherscampervan.com\\\/wp-content\\\/uploads\\\/cropped-cropped-cropped-logo-horizontal-scaled-1.png\",\"width\":2560,\"height\":887,\"caption\":\"Two Brothers CamperVan\"},\"image\":{\"@id\":\"https:\\\/\\\/twobrotherscampervan.com\\\/#\\\/schema\\\/logo\\\/image\\\/\"},\"sameAs\":[\"https:\\\/\\\/www.facebook.com\\\/p\\\/twobrotherscampervan-100063508361247\\\/\",\"https:\\\/\\\/www.instagram.com\\\/twobrotherscampervan\\\/\",\"https:\\\/\\\/www.tiktok.com\\\/@twobrotherscampervan\"]},{\"@type\":\"Person\",\"@id\":\"https:\\\/\\\/twobrotherscampervan.com\\\/#\\\/schema\\\/person\\\/cd2c9226a45a2a57a12fc4515e47b2cd\",\"name\":\"Cecilia Viejo\",\"image\":{\"@type\":\"ImageObject\",\"inLanguage\":\"en-GB\",\"@id\":\"https:\\\/\\\/twobrotherscampervan.com\\\/wp-content\\\/litespeed\\\/avatar\\\/f38e2549597cbc7555cb8c62f05936ba.jpg?ver=1787655292\",\"url\":\"https:\\\/\\\/twobrotherscampervan.com\\\/wp-content\\\/litespeed\\\/avatar\\\/f38e2549597cbc7555cb8c62f05936ba.jpg?ver=1787655292\",\"contentUrl\":\"https:\\\/\\\/twobrotherscampervan.com\\\/wp-content\\\/litespeed\\\/avatar\\\/f38e2549597cbc7555cb8c62f05936ba.jpg?ver=1787655292\",\"caption\":\"Cecilia Viejo\"},\"sameAs\":[\"https:\\\/\\\/twobrotherscampervan.com\\\/\"],\"url\":\"https:\\\/\\\/twobrotherscampervan.com\\\/en\\\/author\\\/cecilia\\\/\"}]}<\/script>\n<!-- \/ Yoast SEO plugin. -->","yoast_head_json":{"title":"Ruta circular de 4 d\u00edas desde palma de mallorca (con tu camper) - Two Brothers CamperVan","robots":{"index":"index","follow":"follow","max-snippet":"max-snippet:-1","max-image-preview":"max-image-preview:large","max-video-preview":"max-video-preview:-1"},"canonical":"https:\/\/twobrotherscampervan.com\/en\/ruta-circular-de-4-dias-desde-palma-de-mallorca-con-tu-camper\/","og_locale":"en_GB","og_type":"article","og_title":"Ruta circular de 4 d\u00edas desde palma de mallorca (con tu camper) - Two Brothers CamperVan","og_description":"Los campos obligatorios son seguidos por * D\u00eda de llegada * D\u00eda de salida * Invitados 12345 Recorrer Mallorca en furgoneta camper es una excelente manera de explorar la isla y disfrutar de sus paisajes variados, desde playas de arena blanca hasta monta\u00f1as escarpadas y encantadores pueblos. Aqu\u00ed tienes una sugerencia de ruta de 4 [&hellip;]","og_url":"https:\/\/twobrotherscampervan.com\/en\/ruta-circular-de-4-dias-desde-palma-de-mallorca-con-tu-camper\/","og_site_name":"Two Brothers CamperVan","article_publisher":"https:\/\/www.facebook.com\/p\/twobrotherscampervan-100063508361247\/","article_published_time":"2024-04-09T22:26:31+00:00","article_modified_time":"2026-05-07T14:48:19+00:00","og_image":[{"width":1200,"height":675,"url":"https:\/\/twobrotherscampervan.com\/wp-content\/uploads\/75c444ca-0560-4157-80e5-74848dd5fc55_16-9-discover-aspect-ratio_default_0.jpeg","type":"image\/jpeg"}],"author":"Cecilia Viejo","twitter_card":"summary_large_image","twitter_misc":{"Written by":"Cecilia Viejo","Estimated reading time":"3 minutes"},"schema":{"@context":"https:\/\/schema.org","@graph":[{"@type":"Article","@id":"https:\/\/twobrotherscampervan.com\/ruta-circular-de-4-dias-desde-palma-de-mallorca-con-tu-camper\/#article","isPartOf":{"@id":"https:\/\/twobrotherscampervan.com\/ruta-circular-de-4-dias-desde-palma-de-mallorca-con-tu-camper\/"},"author":{"name":"Cecilia Viejo","@id":"https:\/\/twobrotherscampervan.com\/#\/schema\/person\/cd2c9226a45a2a57a12fc4515e47b2cd"},"headline":"Ruta circular de 4 d\u00edas desde palma de mallorca (con tu camper)","datePublished":"2024-04-09T22:26:31+00:00","dateModified":"2026-05-07T14:48:19+00:00","mainEntityOfPage":{"@id":"https:\/\/twobrotherscampervan.com\/ruta-circular-de-4-dias-desde-palma-de-mallorca-con-tu-camper\/"},"wordCount":543,"publisher":{"@id":"https:\/\/twobrotherscampervan.com\/#organization"},"image":{"@id":"https:\/\/twobrotherscampervan.com\/ruta-circular-de-4-dias-desde-palma-de-mallorca-con-tu-camper\/#primaryimage"},"thumbnailUrl":"https:\/\/twobrotherscampervan.com\/wp-content\/uploads\/75c444ca-0560-4157-80e5-74848dd5fc55_16-9-discover-aspect-ratio_default_0-1024x576.jpeg","articleSection":["Sin categorizar"],"inLanguage":"en-GB"},{"@type":"WebPage","@id":"https:\/\/twobrotherscampervan.com\/ruta-circular-de-4-dias-desde-palma-de-mallorca-con-tu-camper\/","url":"https:\/\/twobrotherscampervan.com\/ruta-circular-de-4-dias-desde-palma-de-mallorca-con-tu-camper\/","name":"Ruta circular de 4 d\u00edas desde palma de mallorca (con tu camper) - Two Brothers CamperVan","isPartOf":{"@id":"https:\/\/twobrotherscampervan.com\/#website"},"primaryImageOfPage":{"@id":"https:\/\/twobrotherscampervan.com\/ruta-circular-de-4-dias-desde-palma-de-mallorca-con-tu-camper\/#primaryimage"},"image":{"@id":"https:\/\/twobrotherscampervan.com\/ruta-circular-de-4-dias-desde-palma-de-mallorca-con-tu-camper\/#primaryimage"},"thumbnailUrl":"https:\/\/twobrotherscampervan.com\/wp-content\/uploads\/75c444ca-0560-4157-80e5-74848dd5fc55_16-9-discover-aspect-ratio_default_0-1024x576.jpeg","datePublished":"2024-04-09T22:26:31+00:00","dateModified":"2026-05-07T14:48:19+00:00","breadcrumb":{"@id":"https:\/\/twobrotherscampervan.com\/ruta-circular-de-4-dias-desde-palma-de-mallorca-con-tu-camper\/#breadcrumb"},"inLanguage":"en-GB","potentialAction":[{"@type":"ReadAction","target":["https:\/\/twobrotherscampervan.com\/ruta-circular-de-4-dias-desde-palma-de-mallorca-con-tu-camper\/"]}]},{"@type":"ImageObject","inLanguage":"en-GB","@id":"https:\/\/twobrotherscampervan.com\/ruta-circular-de-4-dias-desde-palma-de-mallorca-con-tu-camper\/#primaryimage","url":"https:\/\/twobrotherscampervan.com\/wp-content\/uploads\/75c444ca-0560-4157-80e5-74848dd5fc55_16-9-discover-aspect-ratio_default_0-1024x576.jpeg","contentUrl":"https:\/\/twobrotherscampervan.com\/wp-content\/uploads\/75c444ca-0560-4157-80e5-74848dd5fc55_16-9-discover-aspect-ratio_default_0-1024x576.jpeg"},{"@type":"BreadcrumbList","@id":"https:\/\/twobrotherscampervan.com\/ruta-circular-de-4-dias-desde-palma-de-mallorca-con-tu-camper\/#breadcrumb","itemListElement":[{"@type":"ListItem","position":1,"name":"Portada","item":"https:\/\/twobrotherscampervan.com\/"},{"@type":"ListItem","position":2,"name":"Ruta circular de 4 d\u00edas desde palma de mallorca (con tu camper)"}]},{"@type":"WebSite","@id":"https:\/\/twobrotherscampervan.com\/#website","url":"https:\/\/twobrotherscampervan.com\/","name":"Two Brothers CamperVan","description":"Campers rental Mallorca","publisher":{"@id":"https:\/\/twobrotherscampervan.com\/#organization"},"potentialAction":[{"@type":"SearchAction","target":{"@type":"EntryPoint","urlTemplate":"https:\/\/twobrotherscampervan.com\/?s={search_term_string}"},"query-input":{"@type":"PropertyValueSpecification","valueRequired":true,"valueName":"search_term_string"}}],"inLanguage":"en-GB"},{"@type":"Organization","@id":"https:\/\/twobrotherscampervan.com\/#organization","name":"Two Brothers CamperVan","url":"https:\/\/twobrotherscampervan.com\/","logo":{"@type":"ImageObject","inLanguage":"en-GB","@id":"https:\/\/twobrotherscampervan.com\/#\/schema\/logo\/image\/","url":"https:\/\/twobrotherscampervan.com\/wp-content\/uploads\/cropped-cropped-cropped-logo-horizontal-scaled-1.png","contentUrl":"https:\/\/twobrotherscampervan.com\/wp-content\/uploads\/cropped-cropped-cropped-logo-horizontal-scaled-1.png","width":2560,"height":887,"caption":"Two Brothers CamperVan"},"image":{"@id":"https:\/\/twobrotherscampervan.com\/#\/schema\/logo\/image\/"},"sameAs":["https:\/\/www.facebook.com\/p\/twobrotherscampervan-100063508361247\/","https:\/\/www.instagram.com\/twobrotherscampervan\/","https:\/\/www.tiktok.com\/@twobrotherscampervan"]},{"@type":"Person","@id":"https:\/\/twobrotherscampervan.com\/#\/schema\/person\/cd2c9226a45a2a57a12fc4515e47b2cd","name":"Cecilia Viejo","image":{"@type":"ImageObject","inLanguage":"en-GB","@id":"https:\/\/twobrotherscampervan.com\/wp-content\/litespeed\/avatar\/f38e2549597cbc7555cb8c62f05936ba.jpg?ver=1787655292","url":"https:\/\/twobrotherscampervan.com\/wp-content\/litespeed\/avatar\/f38e2549597cbc7555cb8c62f05936ba.jpg?ver=1787655292","contentUrl":"https:\/\/twobrotherscampervan.com\/wp-content\/litespeed\/avatar\/f38e2549597cbc7555cb8c62f05936ba.jpg?ver=1787655292","caption":"Cecilia Viejo"},"sameAs":["https:\/\/twobrotherscampervan.com\/"],"url":"https:\/\/twobrotherscampervan.com\/en\/author\/cecilia\/"}]}},"_links":{"self":[{"href":"https:\/\/twobrotherscampervan.com\/en\/wp-json\/wp\/v2\/posts\/5137","targetHints":{"allow":["GET"]}}],"collection":[{"href":"https:\/\/twobrotherscampervan.com\/en\/wp-json\/wp\/v2\/posts"}],"about":[{"href":"https:\/\/twobrotherscampervan.com\/en\/wp-json\/wp\/v2\/types\/post"}],"author":[{"embeddable":true,"href":"https:\/\/twobrotherscampervan.com\/en\/wp-json\/wp\/v2\/users\/2"}],"replies":[{"embeddable":true,"href":"https:\/\/twobrotherscampervan.com\/en\/wp-json\/wp\/v2\/comments?post=5137"}],"version-history":[{"count":5,"href":"https:\/\/twobrotherscampervan.com\/en\/wp-json\/wp\/v2\/posts\/5137\/revisions"}],"predecessor-version":[{"id":12841,"href":"https:\/\/twobrotherscampervan.com\/en\/wp-json\/wp\/v2\/posts\/5137\/revisions\/12841"}],"wp:attachment":[{"href":"https:\/\/twobrotherscampervan.com\/en\/wp-json\/wp\/v2\/media?parent=5137"}],"wp:term":[{"taxonomy":"category","embeddable":true,"href":"https:\/\/twobrotherscampervan.com\/en\/wp-json\/wp\/v2\/categories?post=5137"},{"taxonomy":"post_tag","embeddable":true,"href":"https:\/\/twobrotherscampervan.com\/en\/wp-json\/wp\/v2\/tags?post=5137"}],"curies":[{"name":"wp","href":"https:\/\/api.w.org\/{rel}","templated":true}]}}