{"id":5039,"date":"2024-04-09T17:17:18","date_gmt":"2024-04-09T17:17:18","guid":{"rendered":"https:\/\/twobrotherscampervan.com\/?p=5039"},"modified":"2026-04-28T10:19:34","modified_gmt":"2026-04-28T10:19:34","slug":"mallorca-en-furgoneta-camper-guia-completa","status":"publish","type":"post","link":"https:\/\/twobrotherscampervan.com\/en\/mallorca-en-furgoneta-camper-guia-completa\/","title":{"rendered":"Mallorca by camper van: Complete Guide"},"content":{"rendered":"<div data-elementor-type=\"wp-post\" data-elementor-id=\"5039\" class=\"elementor elementor-5039\">\n\t\t\t\t\t\t<section class=\"elementor-section elementor-top-section elementor-element elementor-element-bedf028 elementor-section-boxed elementor-section-height-default elementor-section-height-default\" data-id=\"bedf028\" data-element_type=\"section\" data-e-type=\"section\">\n\t\t\t\t\t\t<div class=\"elementor-container elementor-column-gap-default\">\n\t\t\t\t\t<div class=\"elementor-column elementor-col-100 elementor-top-column elementor-element elementor-element-5aeb5c3b\" data-id=\"5aeb5c3b\" data-element_type=\"column\" data-e-type=\"column\">\n\t\t\t<div class=\"elementor-widget-wrap elementor-element-populated\">\n\t\t\t\t\t\t<div class=\"elementor-element elementor-element-21bd7880 elementor-widget elementor-widget-text-editor\" data-id=\"21bd7880\" data-element_type=\"widget\" data-e-type=\"widget\" data-widget_type=\"text-editor.default\">\n\t\t\t\t<div class=\"elementor-widget-container\">\n\t\t\t\t\t\t\t\t\t\n<p class=\"wp-block-paragraph\">Explore the island of Mallorca in a <strong>Camper van<\/strong> It's one of the best experiences we can recommend. Like any small island, it's the perfect size to be able to explore all of it. In fact, you can go from one end to the other in less than two hours! However, it's not very well connected by public transport, so hiring a vehicle is essential. And if you can sleep in it and watch the best sunsets... then all the better!<\/p>\n<p>If you are thinking of doing it, you can take a look at <strong> <a href=\"https:\/\/twobrotherscampervan.com\/en\/campers\/\">our camper vans<\/a> in Majorca<\/strong>\u00a0and start planning your route now.<\/p>\n\n<p class=\"wp-block-paragraph\">Before embarking on the adventure of touring Mallorca in a camper van, there are a few key things you should know about the island, such as the fact that there are no campsites as such. It's curious, isn't it? This has happened because of the hotel pressure they have suffered over the last few years, and they have had no choice but to close.\u00a0<\/p>\n\n<p class=\"wp-block-paragraph\">But don't worry! There are many cool places where you can spend the night and wake up watching the sea -without a doubt one of life's great pleasures-. Whether you're an expert or a novice camper, we'll tell you everything you need to know in this guide.<\/p>\n\n<figure class=\"wp-block-gallery has-nested-images columns-default is-cropped wp-block-gallery-3 is-layout-flex wp-block-gallery-is-layout-flex\">\n<figure class=\"wp-block-image size-large\"><img fetchpriority=\"high\" decoding=\"async\" width=\"1024\" height=\"576\" data-id=\"5060\" class=\"wp-image-5060\" src=\"https:\/\/twobrotherscampervan.com\/wp-content\/uploads\/image00015-1024x576.jpeg\" alt=\"\" srcset=\"https:\/\/twobrotherscampervan.com\/wp-content\/uploads\/image00015-1024x576.jpeg 1024w, https:\/\/twobrotherscampervan.com\/wp-content\/uploads\/image00015-300x169.jpeg 300w, https:\/\/twobrotherscampervan.com\/wp-content\/uploads\/image00015-768x432.jpeg 768w, https:\/\/twobrotherscampervan.com\/wp-content\/uploads\/image00015-1536x864.jpeg 1536w, https:\/\/twobrotherscampervan.com\/wp-content\/uploads\/image00015-2048x1152.jpeg 2048w\" sizes=\"(max-width: 1024px) 100vw, 1024px\" \/><\/figure>\n<\/figure>\n\n<div class=\"wp-block-spacer\" style=\"height: 20px;\" aria-hidden=\"true\">\u00a0<\/div>\n\n<h2 class=\"wp-block-heading has-large-font-size\" style=\"font-style: normal; font-weight: 400; text-transform: none;\">Apps for touring Mallorca in a camper van<\/h2>\n\n<p class=\"wp-block-paragraph\">First of all, we recommend the apps that will save your life on more than one occasion (we say this from experience):\u00a0<\/p>\n\n<ul class=\"wp-block-list\">\n<li><strong>Park4Night<\/strong>Essential. This app shows you all the rest areas, waste disposal points and water points on a map. The best thing is that it has updated reviews from other users, which will let you know the state of the site (if it's very crowded, or quiet, or dirty) in real-time. It has a free version and a paid version that costs \u20ac1.99\/month, which for us is worth paying for.\u00a0<\/li>\n<\/ul>\n\n<figure class=\"wp-block-image aligncenter size-full is-resized\"><img decoding=\"async\" width=\"592\" height=\"1280\" class=\"wp-image-5055\" style=\"width: 402px; height: auto;\" src=\"https:\/\/twobrotherscampervan.com\/wp-content\/uploads\/app1.jpeg\" alt=\"\" srcset=\"https:\/\/twobrotherscampervan.com\/wp-content\/uploads\/app1.jpeg 592w, https:\/\/twobrotherscampervan.com\/wp-content\/uploads\/app1-139x300.jpeg 139w, https:\/\/twobrotherscampervan.com\/wp-content\/uploads\/app1-474x1024.jpeg 474w\" sizes=\"(max-width: 592px) 100vw, 592px\" \/>\n<figcaption class=\"wp-element-caption\">Screenshot of the Park4night app<\/figcaption>\n<\/figure>\n\n<ul class=\"wp-block-list\">\n<li><strong>Clean Wave: <\/strong>An app that allows you to see where the corners are located to refill your tank with clean water.<\/li>\n\n<li><strong>Maps.me<\/strong>It's like Google Maps but offline. It works by satellite, and we recommend it because in some parts of the island you won't be able to get internet. You can also download the maps and mark points of interest.<\/li>\n\n<li><strong>Petrol stations<\/strong> <strong>Spain<\/strong>Petrol and diesel prices in real time. There are many petrol stations on the island so you will have no problem finding one.\u00a0<\/li>\n\n<li><strong>Other<\/strong>We also recommend TripAdvisor to look for caf\u00e9s or restaurants; Wikiloc if you are a hiking lover and want walking routes; and Campercontact, very similar to Park4Night.<strong>.<\/strong><\/li>\n<\/ul>\n\n<div class=\"wp-block-spacer\" style=\"height: 20px;\" aria-hidden=\"true\">\u00a0<\/div>\n\n<h2 class=\"wp-block-heading has-large-font-size\" style=\"font-style: normal; font-weight: 400; text-transform: none;\">Where to stay overnight in Mallorca<\/h2>\n\n<p class=\"wp-block-paragraph\">First of all, we want to emphasise the difference between <strong>stay overnight<\/strong> y <strong>camping<\/strong>. While the former is permitted throughout the island, the latter is not. \u201cPernoctar\u201d is the action of sleeping parked in a spot but without setting your \"bits and bobs\" outside the camper. Camping, on the other hand, involves the opposite: putting out an awning, taking out chairs and a table, or setting up a line to dry clothes...<\/p>\n\n<p class=\"wp-block-paragraph\">However, we recommend that you plan your overnight stops in advance using the app. <strong>Park4Night<\/strong>. The trick is to find less crowded areas to have some privacy and avoid potential penalties. In our personal experience, we've never had any problems with the \u201cGuardia Civil\u201d in this regard. And, if you stay overnight in a different spot each time, you also won't have any problem setting out your table and chairs for a few hours at dinner time, as the problem arises when you create a permanent camping setup.\u00a0<\/p>\n\n<p class=\"wp-block-paragraph\">In the following section you will find some of the places we like the most.<\/p>\n\n<div class=\"wp-block-spacer\" style=\"height: 20px;\" aria-hidden=\"true\">\u00a0<\/div>\n\n<h2 class=\"wp-block-heading has-large-font-size\" style=\"font-style: normal; font-weight: 400; text-transform: none;\">Best places to stay overnight (including sunsets)<\/h2>\n\n<h3><strong>1.<\/strong> <strong>FORMENTOR LIGHTHOUSE<\/strong><\/h3>\n\n<p class=\"wp-block-paragraph\">An unmissable place to visit. You have to drive carefully along the winding road, but the journey is well worth it. During the summer months, it is forbidden to drive private vehicles from 10 am to 7 pm due to the large number of tourists who visit the lighthouse. For this reason, if you want to spend the night somewhere in Cabo de Formentor, you must enter before 7 pm and leave the next day before 10 am - so that the cameras don't take a photo of your number plate and fine you.\u00a0<\/p>\n\n<p class=\"wp-block-paragraph\">We recommend that you park your camper in <a href=\"https:\/\/park4night.com\/es\/place\/123453\"><span style=\"text-decoration: underline;\">this area in the middle of Cabo de Formentor<\/span><\/a>between Puerto de Pollensa (start of the road) and the lighthouse (Fianl de la Carretera). It is free, without services and very private, which will give you privacy. Of course, you will wake up with the sun rising over the sea, in a spectacular sunrise. At night, the view of Puerto de Pollensa with the lights on is also very beautiful.\u00a0<\/p>\n\n<figure class=\"wp-block-gallery has-nested-images columns-default is-cropped wp-block-gallery-4 is-layout-flex wp-block-gallery-is-layout-flex\">\n<figure class=\"wp-block-image size-full\"><img decoding=\"async\" width=\"640\" height=\"640\" data-id=\"5068\" class=\"wp-image-5068\" src=\"https:\/\/twobrotherscampervan.com\/wp-content\/uploads\/09d3591bfb820bdc6d5b2ce11f432350.jpeg\" alt=\"\" srcset=\"https:\/\/twobrotherscampervan.com\/wp-content\/uploads\/09d3591bfb820bdc6d5b2ce11f432350.jpeg 640w, https:\/\/twobrotherscampervan.com\/wp-content\/uploads\/09d3591bfb820bdc6d5b2ce11f432350-300x300.jpeg 300w, https:\/\/twobrotherscampervan.com\/wp-content\/uploads\/09d3591bfb820bdc6d5b2ce11f432350-150x150.jpeg 150w\" sizes=\"(max-width: 640px) 100vw, 640px\" \/><\/figure>\n<\/figure>\n\n<div class=\"wp-block-spacer\" style=\"height: 20px;\" aria-hidden=\"true\">\u00a0<\/div>\n\n<h3><strong>2. FAR DES CAP GROS<\/strong><\/h3>\n\n<p class=\"wp-block-paragraph\">Situated on a promontory at the western entrance to the port of S\u00f3ller, it is the ideal place to spend the night after a visit to the town of S\u00f3ller and a sunset on the promenade. With a spectacular view of the entire port, it is a place without services but quiet and private, so that you can sleep once again high above sea level and with a view. At night it is closed, and around the area you will always find several camper mates parked.\u00a0<\/p>\n\n<figure class=\"wp-block-image size-large\"><img loading=\"lazy\" decoding=\"async\" width=\"1024\" height=\"576\" class=\"wp-image-5071\" src=\"https:\/\/twobrotherscampervan.com\/wp-content\/uploads\/el-far-des-cap-gros-es-1024x576.jpeg\" alt=\"\" srcset=\"https:\/\/twobrotherscampervan.com\/wp-content\/uploads\/el-far-des-cap-gros-es-1024x576.jpeg 1024w, https:\/\/twobrotherscampervan.com\/wp-content\/uploads\/el-far-des-cap-gros-es-300x169.jpeg 300w, https:\/\/twobrotherscampervan.com\/wp-content\/uploads\/el-far-des-cap-gros-es-768x432.jpeg 768w, https:\/\/twobrotherscampervan.com\/wp-content\/uploads\/el-far-des-cap-gros-es.jpeg 1200w\" sizes=\"(max-width: 1024px) 100vw, 1024px\" \/><\/figure>\n\n<div class=\"wp-block-spacer\" style=\"height: 20px;\" aria-hidden=\"true\">\u00a0<\/div>\n\n<h3><strong>3. SA CALETA DE PORTALS VELLS<\/strong><\/h3>\n\n<p class=\"wp-block-paragraph\">Coves with crystal clear water, nature and... the odd goat. The area of Portalls Vells is located in the south of the island and has several beaches and coves to enjoy. It is considered one of the 20 most beautiful places in Mallorca. To live the camper experience at 100%, you can spend the night with your camper on the cliffs of Sa Caleta. There is also a restaurant in the lower part of the cove for a good meal the next day.\u00a0<\/p>\n\n<p class=\"wp-block-paragraph\">The best thing is that it hides a secret: just fifteen minutes' walk away, there is a unique primitive sanctuary in a cave - the Cave of the Mother of God - with three porticoes reminiscent of ancient Egypt. Undoubtedly a curious place to visit. It also has two adjoining coves: King's beach (or Portals Vells III) and Magician's beach (or Portals Vells II).\u00a0<\/p>\n\n<figure class=\"wp-block-image size-large\"><img loading=\"lazy\" decoding=\"async\" width=\"1024\" height=\"683\" class=\"wp-image-5074\" src=\"https:\/\/twobrotherscampervan.com\/wp-content\/uploads\/2476397-1024x683.jpeg\" alt=\"\" srcset=\"https:\/\/twobrotherscampervan.com\/wp-content\/uploads\/2476397-1024x683.jpeg 1024w, https:\/\/twobrotherscampervan.com\/wp-content\/uploads\/2476397-300x200.jpeg 300w, https:\/\/twobrotherscampervan.com\/wp-content\/uploads\/2476397-768x512.jpeg 768w, https:\/\/twobrotherscampervan.com\/wp-content\/uploads\/2476397-1536x1025.jpeg 1536w, https:\/\/twobrotherscampervan.com\/wp-content\/uploads\/2476397.jpeg 2048w\" sizes=\"(max-width: 1024px) 100vw, 1024px\" \/><\/figure>\n\n<div class=\"wp-block-spacer\" style=\"height: 20px;\" aria-hidden=\"true\">\u00a0<\/div>\n\n<h3><strong>4. SA CALOBRA<\/strong><\/h3>\n\n<p class=\"wp-block-paragraph\">Sa Calobra is an impressive set of rocky cliffs located in the north of the island. It is one of the most inaccessible coves on the island (it can only be reached on foot or by boat), but it is undoubtedly worthy of its fame. We recommend you to make your visit by camper van from the day before with this itinerary: The first point to reach is the port of Sa Calobra. The road is a winding serpentine road with several knots, probably the most difficult to drive on the whole of Mallorca, so if you are inexperienced in driving we do not recommend it.\u00a0<\/p>\n\n<p class=\"wp-block-paragraph\">After arriving at the port of Sa Calobra, you will find a free car park where you can spend the night. This is the best option, because it will allow you to get up early and get ahead of all the ferries with tourists arriving to visit the cove. The walk from the port to the cove is very well signposted and takes about 15 minutes under some very interesting caves. All in all, although difficult to access, it is a nice excursion if you are going to spend a long stay on the island.\u00a0<\/p>\n\n<figure class=\"wp-block-image size-large\"><img loading=\"lazy\" decoding=\"async\" width=\"1024\" height=\"678\" class=\"wp-image-5079\" src=\"https:\/\/twobrotherscampervan.com\/wp-content\/uploads\/Captura-de-pantalla-2024-04-09-a-las-21.09.43-1024x678.png\" alt=\"\" srcset=\"https:\/\/twobrotherscampervan.com\/wp-content\/uploads\/Captura-de-pantalla-2024-04-09-a-las-21.09.43-1024x678.png 1024w, https:\/\/twobrotherscampervan.com\/wp-content\/uploads\/Captura-de-pantalla-2024-04-09-a-las-21.09.43-300x199.png 300w, https:\/\/twobrotherscampervan.com\/wp-content\/uploads\/Captura-de-pantalla-2024-04-09-a-las-21.09.43-768x508.png 768w, https:\/\/twobrotherscampervan.com\/wp-content\/uploads\/Captura-de-pantalla-2024-04-09-a-las-21.09.43.png 1339w\" sizes=\"(max-width: 1024px) 100vw, 1024px\" \/><\/figure>\n\n<div class=\"wp-block-spacer\" style=\"height: 20px;\" aria-hidden=\"true\">\u00a0<\/div>\n\n<h3><strong>5. COLL BAIX REFUGE<\/strong><\/h3>\n\n<p class=\"wp-block-paragraph\">If you like nature, you must visit this spot. It is a wooded area in the Alcudia area. You can spend the night right in front of the Coll Baix refuge. It is a secret paradise that few people know about. In the refuge there are some paid services that you can request if you are interested. From this point, you can start the walk to Coll Baix beach, one of the most beautiful on the whole island. But be careful, the path can be a little difficult for the elderly or children. When you get there, you will find the place to be a dream come true.\u00a0<\/p>\n\n<figure class=\"wp-block-image size-large\"><img loading=\"lazy\" decoding=\"async\" width=\"1024\" height=\"576\" class=\"wp-image-5082\" src=\"https:\/\/twobrotherscampervan.com\/wp-content\/uploads\/coll-baix-alcudia-7-1024x576.jpeg\" alt=\"\" srcset=\"https:\/\/twobrotherscampervan.com\/wp-content\/uploads\/coll-baix-alcudia-7-1024x576.jpeg 1024w, https:\/\/twobrotherscampervan.com\/wp-content\/uploads\/coll-baix-alcudia-7-300x169.jpeg 300w, https:\/\/twobrotherscampervan.com\/wp-content\/uploads\/coll-baix-alcudia-7-768x432.jpeg 768w, https:\/\/twobrotherscampervan.com\/wp-content\/uploads\/coll-baix-alcudia-7.jpeg 1280w\" sizes=\"(max-width: 1024px) 100vw, 1024px\" \/><\/figure>\n\n<div class=\"wp-block-spacer\" style=\"height: 20px;\" aria-hidden=\"true\">\u00a0<\/div>\n\n<h3><strong>6. AGULLA COVE<\/strong><\/h3>\n\n<p class=\"wp-block-paragraph\">Cala Agulla is located on the east coast. It is near the town of Cala Ratjada, which is also worth a visit. It preserves its unspoilt environment, made up of dunes and vegetation. However, it tends to be quite crowded in summer and it also has the typical wooden huts where water sports are offered.\u00a0<\/p>\n\n<p class=\"wp-block-paragraph\">In the car park of Cala Agulla, it is common to see motorhomes and campers staying overnight. There is a large area of land and grass as it used to be a campsite in the past. There is a charge of \u20ac12. It is worth it if you want to spend the day at Cala Agulla afterwards. The beach offers public toilets and showers.\u00a0<\/p>\n\n<figure class=\"wp-block-image size-full\"><img loading=\"lazy\" decoding=\"async\" width=\"1024\" height=\"599\" class=\"wp-image-5088\" src=\"https:\/\/twobrotherscampervan.com\/wp-content\/uploads\/cala-agulla-en-mallorca-1024x599-1.jpeg\" alt=\"\" srcset=\"https:\/\/twobrotherscampervan.com\/wp-content\/uploads\/cala-agulla-en-mallorca-1024x599-1.jpeg 1024w, https:\/\/twobrotherscampervan.com\/wp-content\/uploads\/cala-agulla-en-mallorca-1024x599-1-300x175.jpeg 300w, https:\/\/twobrotherscampervan.com\/wp-content\/uploads\/cala-agulla-en-mallorca-1024x599-1-768x449.jpeg 768w\" sizes=\"(max-width: 1024px) 100vw, 1024px\" \/><\/figure>\n\n<div class=\"wp-block-spacer\" style=\"height: 20px;\" aria-hidden=\"true\">\u00a0<\/div>\n\n<h2 class=\"wp-block-heading has-large-font-size\" style=\"font-style: normal; font-weight: 400; text-transform: none;\">Other places of interest in Mallorca<\/h2>\n\n<ul class=\"wp-block-list\">\n<li><strong>Punta Blanca:<\/strong> A very quiet place surrounded by nature. Once you get to know it you won't want to leave. From there you can visit the Dragonera islet.\u00a0<\/li>\n\n<li><strong>Mirador Des Delta (Puigder\u00f3s Urbanization)<\/strong>): There are several pinewoods to spend the night and at a 5 minutes walk the sea and the rock form several natural pools.<\/li>\n\n<li><strong>Puig de Santa Magdalena:<\/strong> The most \"instagrammable\" place. It is a viewpoint from where you can see several points of the island and there is a bench with the phrase \"no sunset without a kiss\" where you can take some nice pictures.<\/li>\n\n<li><strong>Sanctuary of Cura:<\/strong> A very similar site to the previous one, at 550 metres above sea level. Nearby there is a traditional Mallorcan restaurant where you can enjoy typical Mallorcan food.\u00a0<\/li>\n\n<li><strong>Art\u00e1 Caves car park: <\/strong>An excursion to do something different from \"cove tourism\". If you feel like visiting the caves, you can sleep in the car park and you will be the first to enter.\u00a0<\/li>\n\n<li><strong>Garden City (Palma):<\/strong> It is a place with little tourist interest, but if you need to be close to the capital, it is only a 45 minute walk along the promenade. You'll also be sure to keep your van safe because it's always in use by other campers.\u00a0<\/li>\n<\/ul>\n\n<figure class=\"wp-block-image size-large\"><img decoding=\"async\" class=\"wp-image-1928\" src=\"https:\/\/twobrotherscampervan.com\/wp-content\/uploads\/image00003-e1690130871148-1024x576.png\" alt=\"\" \/><\/figure>\n\n<div class=\"wp-block-spacer\" style=\"height: 30px;\" aria-hidden=\"true\">\u00a0<\/div>\n\n<h2 class=\"wp-block-heading has-large-font-size\" style=\"font-style: normal; font-weight: 400; text-transform: none;\">Where to empty and fill the camper's water in Mallorca<\/h2>\n\n<p class=\"wp-block-paragraph\">Emptying the waters is perhaps the most complicated part as there are very few officially authorised points, so you will have to plan your route well. We leave them for you here:\u00a0<\/p>\n\n<ul class=\"wp-block-list\">\n<li><strong>The green point of Palma de Mallorca: <\/strong>It is the only green point on the whole island and is located in the capital, in the industrial estate of Son Castello (<a href=\"https:\/\/maps.app.goo.gl\/KdPheN4kZgA1QWpC9\"><span style=\"text-decoration: underline;\">We'll leave the address here for you<\/span><\/a>). You can empty the toilet, clean the chemical toilet and refill it again. The best thing: it's free and open every day of the year from 8am to 7.45pm.\u00a0<\/li>\n\n<li><strong>SE7&amp;GO petrol station in Palma:<\/strong> This point is also in the capital. It is one of the cheapest petrol stations on the island. It is only for refilling clean water (free).\u00a0<\/li>\n\n<li><strong>El Menut 2 recreational area<\/strong>It is a recreational area with picnic areas and barbecues. There is a public toilet where you can empty your water and a fountain where you can refill with clean water.\u00a0<\/li>\n\n<li><strong>Clean Wave: <\/strong>As we have told you in the section on essential apps, with the Clean Wave App you can find several of these clean water points scattered around the island.\u00a0<\/li>\n<\/ul>\n\n<div class=\"wp-block-spacer\" style=\"height: 20px;\" aria-hidden=\"true\">\u00a0<\/div>\n\n<h2 class=\"wp-block-heading has-large-font-size\" style=\"font-style: normal; font-weight: 400; text-transform: none;\"><strong>Tips for travelling with your camper in Mallorca<\/strong><\/h2>\n\n<p class=\"wp-block-paragraph\">Before concluding this guide, we would like to give you some tips that, although they may seem very obvious, can help you live your experience without complications:\u00a0<\/p>\n\n<ol class=\"wp-block-list\">\n<li><strong>Keep an eye on the grey water level: <\/strong>It is very likely that after several days of touring the island, you are immersed in its landscapes and have disconnected from the outside world. That's all well and good, that's the goal! But don't forget that a camper van requires certain maintenance tasks (few). One of them is emptying the water. In a week, we recommend that you drain it twice. Otherwise, you run the risk of it overflowing and going down the drain.\u00a0<\/li>\n\n<li><strong>Empty the chemical toilet at the clean point:<\/strong> The toilet uses a blue chemical and it is forbidden to throw it anywhere. It is necessary to go to the green point for cleaning.\u00a0<\/li>\n\n<li><strong>Close the drawers before setting off:<\/strong> This may seem very basic, but it is very common for us to forget to lock our drawers and cupboards before we start driving and to be given a whole concert during the drive.\u00a0<\/li>\n\n<li><strong>Bring the necessary clothing: <\/strong>Although all our campers have storage space, we recommend that you bring only the clothes you need for your holiday. This will make it easier for you to keep things tidy in the camper. Don't worry about the bedding, we'll provide it.<\/li>\n\n<li><strong>Kitchen also in the camper: <\/strong>We believe that to live the 100% experience, you have to make use of the camping gas that all our campers come with. Having a delicious dinner and watching the stars is a marvellous experience. The vans also have an extractor fan, so it is very comfortable to use.\u00a0<\/li>\n<\/ol>\n\n<div class=\"wp-block-buttons is-content-justification-center is-layout-flex wp-container-core-buttons-is-layout-3e41869c wp-block-buttons-is-layout-flex\">\n<h2 class=\"wp-block-heading has-large-font-size\" style=\"font-style: normal; font-weight: 400; text-transform: none;\"><strong>Rent a camper<\/strong><\/h2>\n<p>If after reading this guide you're already picturing yourself exploring the island, you can see all our options for <a href=\"https:\/\/twobrotherscampervan.com\/en\/campers\/\"><strong data-start=\"11881\" data-end=\"11955\">Campervan hire in Mallorca<\/strong><\/a> and choose the one that best suits your trip.<\/p>\n<\/div>\n\n<p class=\"wp-block-paragraph\">If you have any doubts about our camper vans, here is one of the most important ones <a href=\"https:\/\/twobrotherscampervan.com\/en\/preguntas-frecuentes\/\"><span style=\"text-decoration: underline;\">Frequently Asked Questions Guide.\u00a0<\/span><\/a><\/p>\n\t\t\t\t\t\t\t\t<\/div>\n\t\t\t\t<\/div>\n\t\t\t\t\t<\/div>\n\t\t<\/div>\n\t\t\t\t\t<\/div>\n\t\t<\/section>\n\t\t\t\t<\/div>","protected":false},"excerpt":{"rendered":"<p>Explorar la isla de Mallorca en una furgoneta camper es de las mejores experiencias que te podemos recomendar. Como cualquier isla peque\u00f1a, tiene el tama\u00f1o perfecto para poder recorr\u00e9rtela enterita. De hecho, \u00a1puedes ir de punta a punta en menos de dos horas! Eso s\u00ed,\u00a0 no est\u00e1 muy bien conectada en transporte p\u00fablico, por lo [&hellip;]<\/p>\n","protected":false},"author":2,"featured_media":5060,"comment_status":"closed","ping_status":"open","sticky":false,"template":"","format":"standard","meta":{"site-sidebar-layout":"default","site-content-layout":"","ast-site-content-layout":"default","site-content-style":"default","site-sidebar-style":"default","ast-global-header-display":"disabled","ast-banner-title-visibility":"","ast-main-header-display":"disabled","ast-hfb-above-header-display":"","ast-hfb-below-header-display":"","ast-hfb-mobile-header-display":"disabled","site-post-title":"","ast-breadcrumbs-content":"","ast-featured-img":"","footer-sml-layout":"","ast-disable-related-posts":"","theme-transparent-header-meta":"disabled","adv-header-id-meta":"","stick-header-meta":"disabled","header-above-stick-meta":"","header-main-stick-meta":"","header-below-stick-meta":"","astra-migrate-meta-layouts":"set","ast-page-background-enabled":"default","ast-page-background-meta":{"desktop":{"background-color":"","background-image":"","background-repeat":"repeat","background-position":"center center","background-size":"auto","background-attachment":"scroll","background-type":"","background-media":"","overlay-type":"","overlay-color":"","overlay-opacity":"","overlay-gradient":""},"tablet":{"background-color":"","background-image":"","background-repeat":"repeat","background-position":"center center","background-size":"auto","background-attachment":"scroll","background-type":"","background-media":"","overlay-type":"","overlay-color":"","overlay-opacity":"","overlay-gradient":""},"mobile":{"background-color":"","background-image":"","background-repeat":"repeat","background-position":"center center","background-size":"auto","background-attachment":"scroll","background-type":"","background-media":"","overlay-type":"","overlay-color":"","overlay-opacity":"","overlay-gradient":""}},"ast-content-background-meta":{"desktop":{"background-color":"var(--ast-global-color-5)","background-image":"","background-repeat":"repeat","background-position":"center center","background-size":"auto","background-attachment":"scroll","background-type":"","background-media":"","overlay-type":"","overlay-color":"","overlay-opacity":"","overlay-gradient":""},"tablet":{"background-color":"var(--ast-global-color-5)","background-image":"","background-repeat":"repeat","background-position":"center center","background-size":"auto","background-attachment":"scroll","background-type":"","background-media":"","overlay-type":"","overlay-color":"","overlay-opacity":"","overlay-gradient":""},"mobile":{"background-color":"var(--ast-global-color-5)","background-image":"","background-repeat":"repeat","background-position":"center center","background-size":"auto","background-attachment":"scroll","background-type":"","background-media":"","overlay-type":"","overlay-color":"","overlay-opacity":"","overlay-gradient":""}},"footnotes":""},"categories":[28],"tags":[76,78,79,75,25,74,77],"class_list":["post-5039","post","type-post","status-publish","format-standard","has-post-thumbnail","hentry","category-viajes","tag-atardeceres-mallorca","tag-consejos-mallorca-en-camper","tag-donde-vaciar-las-aguas-mallorca","tag-gasolineras-mallorca","tag-mallorca-en-camper","tag-mejores-playas-mallorca","tag-park4night"],"yoast_head":"<!-- This site is optimized with the Yoast SEO plugin v28.3 - https:\/\/yoast.com\/product\/yoast-seo-wordpress\/ -->\n<title>Mallorca en furgoneta camper: Gu\u00eda completa - Two Brothers CamperVan<\/title>\n<meta name=\"description\" content=\"Recorre Mallorca en furgoneta camper con consejos pr\u00e1cticos, rutas y todo lo necesario para disfrutar al m\u00e1ximo de la isla.\" \/>\n<meta name=\"robots\" content=\"index, follow, max-snippet:-1, max-image-preview:large, max-video-preview:-1\" \/>\n<link rel=\"canonical\" href=\"https:\/\/twobrotherscampervan.com\/en\/mallorca-en-furgoneta-camper-guia-completa\/\" \/>\n<meta property=\"og:locale\" content=\"en_GB\" \/>\n<meta property=\"og:type\" content=\"article\" \/>\n<meta property=\"og:title\" content=\"Mallorca en furgoneta camper: Gu\u00eda completa - Two Brothers CamperVan\" \/>\n<meta property=\"og:description\" content=\"Recorre Mallorca en furgoneta camper con consejos pr\u00e1cticos, rutas y todo lo necesario para disfrutar al m\u00e1ximo de la isla.\" \/>\n<meta property=\"og:url\" content=\"https:\/\/twobrotherscampervan.com\/en\/mallorca-en-furgoneta-camper-guia-completa\/\" \/>\n<meta property=\"og:site_name\" content=\"Two Brothers CamperVan\" \/>\n<meta property=\"article:publisher\" content=\"https:\/\/www.facebook.com\/p\/twobrotherscampervan-100063508361247\/\" \/>\n<meta property=\"article:published_time\" content=\"2024-04-09T17:17:18+00:00\" \/>\n<meta property=\"article:modified_time\" content=\"2026-04-28T10:19:34+00:00\" \/>\n<meta property=\"og:image\" content=\"https:\/\/twobrotherscampervan.com\/wp-content\/uploads\/image00015.jpeg\" \/>\n\t<meta property=\"og:image:width\" content=\"2239\" \/>\n\t<meta property=\"og:image:height\" content=\"1259\" \/>\n\t<meta property=\"og:image:type\" content=\"image\/jpeg\" \/>\n<meta name=\"author\" content=\"Cecilia Viejo\" \/>\n<meta name=\"twitter:card\" content=\"summary_large_image\" \/>\n<meta name=\"twitter:label1\" content=\"Written by\" \/>\n\t<meta name=\"twitter:data1\" content=\"Cecilia Viejo\" \/>\n\t<meta name=\"twitter:label2\" content=\"Estimated reading time\" \/>\n\t<meta name=\"twitter:data2\" content=\"12 minutes\" \/>\n<script type=\"application\/ld+json\" class=\"yoast-schema-graph\">{\"@context\":\"https:\\\/\\\/schema.org\",\"@graph\":[{\"@type\":\"Article\",\"@id\":\"https:\\\/\\\/twobrotherscampervan.com\\\/mallorca-en-furgoneta-camper-guia-completa\\\/#article\",\"isPartOf\":{\"@id\":\"https:\\\/\\\/twobrotherscampervan.com\\\/mallorca-en-furgoneta-camper-guia-completa\\\/\"},\"author\":{\"name\":\"Cecilia Viejo\",\"@id\":\"https:\\\/\\\/twobrotherscampervan.com\\\/#\\\/schema\\\/person\\\/cd2c9226a45a2a57a12fc4515e47b2cd\"},\"headline\":\"Mallorca en furgoneta camper: Gu\u00eda completa\",\"datePublished\":\"2024-04-09T17:17:18+00:00\",\"dateModified\":\"2026-04-28T10:19:34+00:00\",\"mainEntityOfPage\":{\"@id\":\"https:\\\/\\\/twobrotherscampervan.com\\\/mallorca-en-furgoneta-camper-guia-completa\\\/\"},\"wordCount\":2267,\"publisher\":{\"@id\":\"https:\\\/\\\/twobrotherscampervan.com\\\/#organization\"},\"image\":{\"@id\":\"https:\\\/\\\/twobrotherscampervan.com\\\/mallorca-en-furgoneta-camper-guia-completa\\\/#primaryimage\"},\"thumbnailUrl\":\"https:\\\/\\\/twobrotherscampervan.com\\\/wp-content\\\/uploads\\\/image00015.jpeg\",\"keywords\":[\"atardeceres mallorca\",\"consejos mallorca en camper\",\"donde vaciar las aguas mallorca\",\"gasolineras mallorca\",\"Mallorca en Camper\",\"mejores playas mallorca\",\"park4night\"],\"articleSection\":[\"Viajes\"],\"inLanguage\":\"en-GB\"},{\"@type\":\"WebPage\",\"@id\":\"https:\\\/\\\/twobrotherscampervan.com\\\/mallorca-en-furgoneta-camper-guia-completa\\\/\",\"url\":\"https:\\\/\\\/twobrotherscampervan.com\\\/mallorca-en-furgoneta-camper-guia-completa\\\/\",\"name\":\"Mallorca en furgoneta camper: Gu\u00eda completa - Two Brothers CamperVan\",\"isPartOf\":{\"@id\":\"https:\\\/\\\/twobrotherscampervan.com\\\/#website\"},\"primaryImageOfPage\":{\"@id\":\"https:\\\/\\\/twobrotherscampervan.com\\\/mallorca-en-furgoneta-camper-guia-completa\\\/#primaryimage\"},\"image\":{\"@id\":\"https:\\\/\\\/twobrotherscampervan.com\\\/mallorca-en-furgoneta-camper-guia-completa\\\/#primaryimage\"},\"thumbnailUrl\":\"https:\\\/\\\/twobrotherscampervan.com\\\/wp-content\\\/uploads\\\/image00015.jpeg\",\"datePublished\":\"2024-04-09T17:17:18+00:00\",\"dateModified\":\"2026-04-28T10:19:34+00:00\",\"description\":\"Recorre Mallorca en furgoneta camper con consejos pr\u00e1cticos, rutas y todo lo necesario para disfrutar al m\u00e1ximo de la isla.\",\"breadcrumb\":{\"@id\":\"https:\\\/\\\/twobrotherscampervan.com\\\/mallorca-en-furgoneta-camper-guia-completa\\\/#breadcrumb\"},\"inLanguage\":\"en-GB\",\"potentialAction\":[{\"@type\":\"ReadAction\",\"target\":[\"https:\\\/\\\/twobrotherscampervan.com\\\/mallorca-en-furgoneta-camper-guia-completa\\\/\"]}]},{\"@type\":\"ImageObject\",\"inLanguage\":\"en-GB\",\"@id\":\"https:\\\/\\\/twobrotherscampervan.com\\\/mallorca-en-furgoneta-camper-guia-completa\\\/#primaryimage\",\"url\":\"https:\\\/\\\/twobrotherscampervan.com\\\/wp-content\\\/uploads\\\/image00015.jpeg\",\"contentUrl\":\"https:\\\/\\\/twobrotherscampervan.com\\\/wp-content\\\/uploads\\\/image00015.jpeg\",\"width\":2239,\"height\":1259},{\"@type\":\"BreadcrumbList\",\"@id\":\"https:\\\/\\\/twobrotherscampervan.com\\\/mallorca-en-furgoneta-camper-guia-completa\\\/#breadcrumb\",\"itemListElement\":[{\"@type\":\"ListItem\",\"position\":1,\"name\":\"Portada\",\"item\":\"https:\\\/\\\/twobrotherscampervan.com\\\/\"},{\"@type\":\"ListItem\",\"position\":2,\"name\":\"Mallorca en furgoneta camper: Gu\u00eda completa\"}]},{\"@type\":\"WebSite\",\"@id\":\"https:\\\/\\\/twobrotherscampervan.com\\\/#website\",\"url\":\"https:\\\/\\\/twobrotherscampervan.com\\\/\",\"name\":\"Two Brothers CamperVan\",\"description\":\"Alquiler de campers Mallorca\",\"publisher\":{\"@id\":\"https:\\\/\\\/twobrotherscampervan.com\\\/#organization\"},\"potentialAction\":[{\"@type\":\"SearchAction\",\"target\":{\"@type\":\"EntryPoint\",\"urlTemplate\":\"https:\\\/\\\/twobrotherscampervan.com\\\/?s={search_term_string}\"},\"query-input\":{\"@type\":\"PropertyValueSpecification\",\"valueRequired\":true,\"valueName\":\"search_term_string\"}}],\"inLanguage\":\"en-GB\"},{\"@type\":\"Organization\",\"@id\":\"https:\\\/\\\/twobrotherscampervan.com\\\/#organization\",\"name\":\"Two Brothers CamperVan\",\"url\":\"https:\\\/\\\/twobrotherscampervan.com\\\/\",\"logo\":{\"@type\":\"ImageObject\",\"inLanguage\":\"en-GB\",\"@id\":\"https:\\\/\\\/twobrotherscampervan.com\\\/#\\\/schema\\\/logo\\\/image\\\/\",\"url\":\"https:\\\/\\\/twobrotherscampervan.com\\\/wp-content\\\/uploads\\\/cropped-cropped-cropped-logo-horizontal-scaled-1.png\",\"contentUrl\":\"https:\\\/\\\/twobrotherscampervan.com\\\/wp-content\\\/uploads\\\/cropped-cropped-cropped-logo-horizontal-scaled-1.png\",\"width\":2560,\"height\":887,\"caption\":\"Two Brothers CamperVan\"},\"image\":{\"@id\":\"https:\\\/\\\/twobrotherscampervan.com\\\/#\\\/schema\\\/logo\\\/image\\\/\"},\"sameAs\":[\"https:\\\/\\\/www.facebook.com\\\/p\\\/twobrotherscampervan-100063508361247\\\/\",\"https:\\\/\\\/www.instagram.com\\\/twobrotherscampervan\\\/\",\"https:\\\/\\\/www.tiktok.com\\\/@twobrotherscampervan\"]},{\"@type\":\"Person\",\"@id\":\"https:\\\/\\\/twobrotherscampervan.com\\\/#\\\/schema\\\/person\\\/cd2c9226a45a2a57a12fc4515e47b2cd\",\"name\":\"Cecilia Viejo\",\"image\":{\"@type\":\"ImageObject\",\"inLanguage\":\"en-GB\",\"@id\":\"https:\\\/\\\/twobrotherscampervan.com\\\/wp-content\\\/litespeed\\\/avatar\\\/f38e2549597cbc7555cb8c62f05936ba.jpg?ver=1787655292\",\"url\":\"https:\\\/\\\/twobrotherscampervan.com\\\/wp-content\\\/litespeed\\\/avatar\\\/f38e2549597cbc7555cb8c62f05936ba.jpg?ver=1787655292\",\"contentUrl\":\"https:\\\/\\\/twobrotherscampervan.com\\\/wp-content\\\/litespeed\\\/avatar\\\/f38e2549597cbc7555cb8c62f05936ba.jpg?ver=1787655292\",\"caption\":\"Cecilia Viejo\"},\"sameAs\":[\"https:\\\/\\\/twobrotherscampervan.com\\\/\"],\"url\":\"https:\\\/\\\/twobrotherscampervan.com\\\/en\\\/author\\\/cecilia\\\/\"}]}<\/script>\n<!-- \/ Yoast SEO plugin. -->","yoast_head_json":{"title":"Mallorca en furgoneta camper: Gu\u00eda completa - Two Brothers CamperVan","description":"Recorre Mallorca en furgoneta camper con consejos pr\u00e1cticos, rutas y todo lo necesario para disfrutar al m\u00e1ximo de la isla.","robots":{"index":"index","follow":"follow","max-snippet":"max-snippet:-1","max-image-preview":"max-image-preview:large","max-video-preview":"max-video-preview:-1"},"canonical":"https:\/\/twobrotherscampervan.com\/en\/mallorca-en-furgoneta-camper-guia-completa\/","og_locale":"en_GB","og_type":"article","og_title":"Mallorca en furgoneta camper: Gu\u00eda completa - Two Brothers CamperVan","og_description":"Recorre Mallorca en furgoneta camper con consejos pr\u00e1cticos, rutas y todo lo necesario para disfrutar al m\u00e1ximo de la isla.","og_url":"https:\/\/twobrotherscampervan.com\/en\/mallorca-en-furgoneta-camper-guia-completa\/","og_site_name":"Two Brothers CamperVan","article_publisher":"https:\/\/www.facebook.com\/p\/twobrotherscampervan-100063508361247\/","article_published_time":"2024-04-09T17:17:18+00:00","article_modified_time":"2026-04-28T10:19:34+00:00","og_image":[{"width":2239,"height":1259,"url":"https:\/\/twobrotherscampervan.com\/wp-content\/uploads\/image00015.jpeg","type":"image\/jpeg"}],"author":"Cecilia Viejo","twitter_card":"summary_large_image","twitter_misc":{"Written by":"Cecilia Viejo","Estimated reading time":"12 minutes"},"schema":{"@context":"https:\/\/schema.org","@graph":[{"@type":"Article","@id":"https:\/\/twobrotherscampervan.com\/mallorca-en-furgoneta-camper-guia-completa\/#article","isPartOf":{"@id":"https:\/\/twobrotherscampervan.com\/mallorca-en-furgoneta-camper-guia-completa\/"},"author":{"name":"Cecilia Viejo","@id":"https:\/\/twobrotherscampervan.com\/#\/schema\/person\/cd2c9226a45a2a57a12fc4515e47b2cd"},"headline":"Mallorca en furgoneta camper: Gu\u00eda completa","datePublished":"2024-04-09T17:17:18+00:00","dateModified":"2026-04-28T10:19:34+00:00","mainEntityOfPage":{"@id":"https:\/\/twobrotherscampervan.com\/mallorca-en-furgoneta-camper-guia-completa\/"},"wordCount":2267,"publisher":{"@id":"https:\/\/twobrotherscampervan.com\/#organization"},"image":{"@id":"https:\/\/twobrotherscampervan.com\/mallorca-en-furgoneta-camper-guia-completa\/#primaryimage"},"thumbnailUrl":"https:\/\/twobrotherscampervan.com\/wp-content\/uploads\/image00015.jpeg","keywords":["atardeceres mallorca","consejos mallorca en camper","donde vaciar las aguas mallorca","gasolineras mallorca","Mallorca en Camper","mejores playas mallorca","park4night"],"articleSection":["Viajes"],"inLanguage":"en-GB"},{"@type":"WebPage","@id":"https:\/\/twobrotherscampervan.com\/mallorca-en-furgoneta-camper-guia-completa\/","url":"https:\/\/twobrotherscampervan.com\/mallorca-en-furgoneta-camper-guia-completa\/","name":"Mallorca en furgoneta camper: Gu\u00eda completa - Two Brothers CamperVan","isPartOf":{"@id":"https:\/\/twobrotherscampervan.com\/#website"},"primaryImageOfPage":{"@id":"https:\/\/twobrotherscampervan.com\/mallorca-en-furgoneta-camper-guia-completa\/#primaryimage"},"image":{"@id":"https:\/\/twobrotherscampervan.com\/mallorca-en-furgoneta-camper-guia-completa\/#primaryimage"},"thumbnailUrl":"https:\/\/twobrotherscampervan.com\/wp-content\/uploads\/image00015.jpeg","datePublished":"2024-04-09T17:17:18+00:00","dateModified":"2026-04-28T10:19:34+00:00","description":"Recorre Mallorca en furgoneta camper con consejos pr\u00e1cticos, rutas y todo lo necesario para disfrutar al m\u00e1ximo de la isla.","breadcrumb":{"@id":"https:\/\/twobrotherscampervan.com\/mallorca-en-furgoneta-camper-guia-completa\/#breadcrumb"},"inLanguage":"en-GB","potentialAction":[{"@type":"ReadAction","target":["https:\/\/twobrotherscampervan.com\/mallorca-en-furgoneta-camper-guia-completa\/"]}]},{"@type":"ImageObject","inLanguage":"en-GB","@id":"https:\/\/twobrotherscampervan.com\/mallorca-en-furgoneta-camper-guia-completa\/#primaryimage","url":"https:\/\/twobrotherscampervan.com\/wp-content\/uploads\/image00015.jpeg","contentUrl":"https:\/\/twobrotherscampervan.com\/wp-content\/uploads\/image00015.jpeg","width":2239,"height":1259},{"@type":"BreadcrumbList","@id":"https:\/\/twobrotherscampervan.com\/mallorca-en-furgoneta-camper-guia-completa\/#breadcrumb","itemListElement":[{"@type":"ListItem","position":1,"name":"Portada","item":"https:\/\/twobrotherscampervan.com\/"},{"@type":"ListItem","position":2,"name":"Mallorca en furgoneta camper: Gu\u00eda completa"}]},{"@type":"WebSite","@id":"https:\/\/twobrotherscampervan.com\/#website","url":"https:\/\/twobrotherscampervan.com\/","name":"Two Brothers CamperVan","description":"Campers rental Mallorca","publisher":{"@id":"https:\/\/twobrotherscampervan.com\/#organization"},"potentialAction":[{"@type":"SearchAction","target":{"@type":"EntryPoint","urlTemplate":"https:\/\/twobrotherscampervan.com\/?s={search_term_string}"},"query-input":{"@type":"PropertyValueSpecification","valueRequired":true,"valueName":"search_term_string"}}],"inLanguage":"en-GB"},{"@type":"Organization","@id":"https:\/\/twobrotherscampervan.com\/#organization","name":"Two Brothers CamperVan","url":"https:\/\/twobrotherscampervan.com\/","logo":{"@type":"ImageObject","inLanguage":"en-GB","@id":"https:\/\/twobrotherscampervan.com\/#\/schema\/logo\/image\/","url":"https:\/\/twobrotherscampervan.com\/wp-content\/uploads\/cropped-cropped-cropped-logo-horizontal-scaled-1.png","contentUrl":"https:\/\/twobrotherscampervan.com\/wp-content\/uploads\/cropped-cropped-cropped-logo-horizontal-scaled-1.png","width":2560,"height":887,"caption":"Two Brothers CamperVan"},"image":{"@id":"https:\/\/twobrotherscampervan.com\/#\/schema\/logo\/image\/"},"sameAs":["https:\/\/www.facebook.com\/p\/twobrotherscampervan-100063508361247\/","https:\/\/www.instagram.com\/twobrotherscampervan\/","https:\/\/www.tiktok.com\/@twobrotherscampervan"]},{"@type":"Person","@id":"https:\/\/twobrotherscampervan.com\/#\/schema\/person\/cd2c9226a45a2a57a12fc4515e47b2cd","name":"Cecilia Viejo","image":{"@type":"ImageObject","inLanguage":"en-GB","@id":"https:\/\/twobrotherscampervan.com\/wp-content\/litespeed\/avatar\/f38e2549597cbc7555cb8c62f05936ba.jpg?ver=1787655292","url":"https:\/\/twobrotherscampervan.com\/wp-content\/litespeed\/avatar\/f38e2549597cbc7555cb8c62f05936ba.jpg?ver=1787655292","contentUrl":"https:\/\/twobrotherscampervan.com\/wp-content\/litespeed\/avatar\/f38e2549597cbc7555cb8c62f05936ba.jpg?ver=1787655292","caption":"Cecilia Viejo"},"sameAs":["https:\/\/twobrotherscampervan.com\/"],"url":"https:\/\/twobrotherscampervan.com\/en\/author\/cecilia\/"}]}},"_links":{"self":[{"href":"https:\/\/twobrotherscampervan.com\/en\/wp-json\/wp\/v2\/posts\/5039","targetHints":{"allow":["GET"]}}],"collection":[{"href":"https:\/\/twobrotherscampervan.com\/en\/wp-json\/wp\/v2\/posts"}],"about":[{"href":"https:\/\/twobrotherscampervan.com\/en\/wp-json\/wp\/v2\/types\/post"}],"author":[{"embeddable":true,"href":"https:\/\/twobrotherscampervan.com\/en\/wp-json\/wp\/v2\/users\/2"}],"replies":[{"embeddable":true,"href":"https:\/\/twobrotherscampervan.com\/en\/wp-json\/wp\/v2\/comments?post=5039"}],"version-history":[{"count":5,"href":"https:\/\/twobrotherscampervan.com\/en\/wp-json\/wp\/v2\/posts\/5039\/revisions"}],"predecessor-version":[{"id":12614,"href":"https:\/\/twobrotherscampervan.com\/en\/wp-json\/wp\/v2\/posts\/5039\/revisions\/12614"}],"wp:featuredmedia":[{"embeddable":true,"href":"https:\/\/twobrotherscampervan.com\/en\/wp-json\/wp\/v2\/media\/5060"}],"wp:attachment":[{"href":"https:\/\/twobrotherscampervan.com\/en\/wp-json\/wp\/v2\/media?parent=5039"}],"wp:term":[{"taxonomy":"category","embeddable":true,"href":"https:\/\/twobrotherscampervan.com\/en\/wp-json\/wp\/v2\/categories?post=5039"},{"taxonomy":"post_tag","embeddable":true,"href":"https:\/\/twobrotherscampervan.com\/en\/wp-json\/wp\/v2\/tags?post=5039"}],"curies":[{"name":"wp","href":"https:\/\/api.w.org\/{rel}","templated":true}]}}