{"id":1674,"date":"2023-06-05T18:24:13","date_gmt":"2023-06-05T18:24:13","guid":{"rendered":"https:\/\/twobrotherscampervan.com\/?p=1674"},"modified":"2026-05-27T09:24:36","modified_gmt":"2026-05-27T09:24:36","slug":"cabo-formentor-paraiso-natural-isla-mallorca","status":"publish","type":"post","link":"https:\/\/twobrotherscampervan.com\/en\/cabo-formentor-paraiso-natural-isla-mallorca\/","title":{"rendered":"Cape Formentor: A natural paradise on the island of Majorca"},"content":{"rendered":"<div data-elementor-type=\"wp-post\" data-elementor-id=\"1674\" class=\"elementor elementor-1674\">\n\t\t\t\t\t\t<section class=\"elementor-section elementor-top-section elementor-element elementor-element-52aad821 elementor-section-boxed elementor-section-height-default elementor-section-height-default\" data-id=\"52aad821\" data-element_type=\"section\" data-e-type=\"section\">\n\t\t\t\t\t\t<div class=\"elementor-container elementor-column-gap-default\">\n\t\t\t\t\t<div class=\"elementor-column elementor-col-100 elementor-top-column elementor-element elementor-element-605222aa\" data-id=\"605222aa\" data-element_type=\"column\" data-e-type=\"column\">\n\t\t\t<div class=\"elementor-widget-wrap elementor-element-populated\">\n\t\t\t\t\t\t<div class=\"elementor-element elementor-element-5fbcf8d8 elementor-widget elementor-widget-text-editor\" data-id=\"5fbcf8d8\" data-element_type=\"widget\" data-e-type=\"widget\" data-widget_type=\"text-editor.default\">\n\t\t\t\t<div class=\"elementor-widget-container\">\n\t\t\t\t\t\t\t\t\t\n<ul class=\"wp-block-list\">\n<li><strong>From 1 June to 30 September 2023, it will not be possible to drive up to the Cape of Formentor from 10h to 22.30h.<\/strong><\/li>\n<\/ul>\n\n\n\n<figure class=\"wp-block-image size-large is-resized\"><img fetchpriority=\"high\" decoding=\"async\" src=\"https:\/\/twobrotherscampervan.com\/wp-content\/uploads\/cabo-formentor-1024x684.jpeg\" alt=\"El cabo de formentor en verano\" class=\"wp-image-1678\" width=\"932\" height=\"622\" srcset=\"https:\/\/twobrotherscampervan.com\/wp-content\/uploads\/cabo-formentor-1024x684.jpeg 1024w, https:\/\/twobrotherscampervan.com\/wp-content\/uploads\/cabo-formentor-300x200.jpeg 300w, https:\/\/twobrotherscampervan.com\/wp-content\/uploads\/cabo-formentor-768x513.jpeg 768w, https:\/\/twobrotherscampervan.com\/wp-content\/uploads\/cabo-formentor-1536x1025.jpeg 1536w, https:\/\/twobrotherscampervan.com\/wp-content\/uploads\/cabo-formentor.jpeg 2048w\" sizes=\"(max-width: 932px) 100vw, 932px\" \/><\/figure>\n\n\n\n<p class=\"has-medium-font-size wp-block-paragraph\">Cape Formentor is an impressive rocky promontory located on the north coast of the island.<br>of Mallorca, in the Balearic Islands of Spain. This cape is a popular tourist destination due to<br>its natural beauty, its breathtaking panoramic views of the Mediterranean and its rich history.<\/p>\n\n\n\n<p class=\"has-medium-font-size wp-block-paragraph\">The cape is located about 20 kilometres from the town of Alc\u00fadia, and can be reached at<br>through a winding and picturesque road that winds its way through the mountains. The road, which<br>is an attraction in its own right, stretching for some 13 kilometres, and offers visitors<br>breathtaking views of the coastal landscape and the surrounding mountains.<\/p>\n\n\n\n<p class=\"has-medium-font-size wp-block-paragraph\">Once you get to the top of Cape Formentor, you will be rewarded with views<br>spectacular views of the Mediterranean and the rocky coastline stretching east and west.<br>From the viewpoint of Mirador del Mal Pas, you can see the bay of Pollen\u00e7a and the peninsula of La<br>Victoria to the south, while to the north, the coast drops steeply into the Mediterranean Sea.<\/p>\n\n\n\n<figure class=\"wp-block-image size-large is-resized is-style-default\"><img decoding=\"async\" src=\"https:\/\/twobrotherscampervan.com\/wp-content\/uploads\/inicio-de-camino-prohibido-2-1024x768.jpeg\" alt=\"Faro de Formentor\" class=\"wp-image-1690\" width=\"929\" height=\"697\" srcset=\"https:\/\/twobrotherscampervan.com\/wp-content\/uploads\/inicio-de-camino-prohibido-2-1024x768.jpeg 1024w, https:\/\/twobrotherscampervan.com\/wp-content\/uploads\/inicio-de-camino-prohibido-2-300x225.jpeg 300w, https:\/\/twobrotherscampervan.com\/wp-content\/uploads\/inicio-de-camino-prohibido-2-768x576.jpeg 768w, https:\/\/twobrotherscampervan.com\/wp-content\/uploads\/inicio-de-camino-prohibido-2-1536x1152.jpeg 1536w, https:\/\/twobrotherscampervan.com\/wp-content\/uploads\/inicio-de-camino-prohibido-2-2048x1536.jpeg 2048w\" sizes=\"(max-width: 929px) 100vw, 929px\" \/><figcaption class=\"wp-element-caption\">Start of the forbidden path<\/figcaption><\/figure>\n\n\n\n<p class=\"has-medium-font-size wp-block-paragraph\">In addition to the panoramic views, Cape Formentor is a place of great historical importance.<br>In the 19th century, the lighthouse of Cape Formentor was built on the cape to guide the ships that<br>sailed the Mediterranean, and it is still in operation today. In addition, during<br>the Spanish Civil War, Cape Formentor was a strategic location for the Republican forces.<br>due to its location at the top of the mountain.<\/p>\n\n\n\n<p class=\"has-medium-font-size wp-block-paragraph\">Nowadays, Cabo Formentor is a popular tourist destination, and has a variety of<br>outdoor activities for visitors to enjoy. Tourists can enjoy a<br>hike along the coast, have a picnic in the natural landscape, or just sit down and<br>enjoy panoramic views of the Mediterranean Sea. There are also opportunities to<br>water sports such as kayaking and windsurfing.<\/p>\n\n\n\n<p class=\"has-medium-font-size wp-block-paragraph\">In short, Cape Formentor is a natural paradise that offers breathtaking views<br>scenic landscapes, a rich history and a wide variety of outdoor activities for the<br>visitors. If you are planning to visit the island of Mallorca, this impressive rocky promontory is<br>definitely a place you won't want to miss.<\/p>\n\n\n\n<figure class=\"wp-block-gallery has-nested-images columns-default is-cropped wp-block-gallery-2 is-layout-flex wp-block-gallery-is-layout-flex\">\n<figure class=\"wp-block-image size-large\"><img decoding=\"async\" width=\"1024\" height=\"768\" data-id=\"1692\" src=\"https:\/\/twobrotherscampervan.com\/wp-content\/uploads\/inicio-de-camino-prohibido-desde-km-2-1024x768.jpeg\" alt=\"Cabo de Formentor\" class=\"wp-image-1692\" srcset=\"https:\/\/twobrotherscampervan.com\/wp-content\/uploads\/inicio-de-camino-prohibido-desde-km-2-1024x768.jpeg 1024w, https:\/\/twobrotherscampervan.com\/wp-content\/uploads\/inicio-de-camino-prohibido-desde-km-2-300x225.jpeg 300w, https:\/\/twobrotherscampervan.com\/wp-content\/uploads\/inicio-de-camino-prohibido-desde-km-2-768x576.jpeg 768w, https:\/\/twobrotherscampervan.com\/wp-content\/uploads\/inicio-de-camino-prohibido-desde-km-2-1536x1152.jpeg 1536w, https:\/\/twobrotherscampervan.com\/wp-content\/uploads\/inicio-de-camino-prohibido-desde-km-2-2048x1536.jpeg 2048w\" sizes=\"(max-width: 1024px) 100vw, 1024px\" \/><figcaption class=\"wp-element-caption\">Start of the forbidden path from km.2<\/figcaption><\/figure>\n<\/figure>\n\n\n\n<p class=\"has-medium-font-size wp-block-paragraph\"><strong><mark style=\"background-color:rgba(0, 0, 0, 0)\" class=\"has-inline-color has-ast-global-color-0-color\">IMPORTANT:<br><\/mark><\/strong>It is important to bear in mind that during the summer months, the Cape of Formentor is a<br>very popular destination for tourists, and the road leading there can be very<br>congested and congested, which can affect road safety and the environment. By<br>Therefore, a regulation has been put in place to restrict vehicle access to Cabo de<br>Formentor in an effort to preserve the environment and improve safety in the<br>road.<br>From 1 June to 30 September 2023, it shall not be possible to drive on the Cape of<br>Formentor from 10 a.m. to 10.30 p.m. (these dates change every year).<br>Road and kilometre points with access prohibition: Ma-2210, km-2 to km-19.6<\/p>\n\n\n\n<p class=\"has-medium-font-size wp-block-paragraph\">Therefore, if you wish to visit the Cape of Formentor during the summer months, it is<br>It is advisable to take a tourist bus, or to make the excursion on foot or by bicycle.<\/p>\n\n\n\n<p class=\"has-medium-font-size wp-block-paragraph\">Whether you are going to drive on this road on the dates when it is allowed, or if you are going to drive on this road on the dates when it is allowed.<br>If you do the route on foot or by bicycle, we recommend that you pay close attention to the road and do not<br>exceed the recommended speed levels. During the route you may find yourself on the<br>curves with buses, groups of cyclists, hikers or even wild goats!<\/p>\n\n\n\n<figure class=\"wp-block-image size-large\"><img loading=\"lazy\" decoding=\"async\" width=\"1024\" height=\"768\" src=\"https:\/\/twobrotherscampervan.com\/wp-content\/uploads\/peligros-carretera-1024x768.jpeg\" alt=\"\" class=\"wp-image-1694\" srcset=\"https:\/\/twobrotherscampervan.com\/wp-content\/uploads\/peligros-carretera-1024x768.jpeg 1024w, https:\/\/twobrotherscampervan.com\/wp-content\/uploads\/peligros-carretera-300x225.jpeg 300w, https:\/\/twobrotherscampervan.com\/wp-content\/uploads\/peligros-carretera-768x576.jpeg 768w, https:\/\/twobrotherscampervan.com\/wp-content\/uploads\/peligros-carretera-1536x1152.jpeg 1536w, https:\/\/twobrotherscampervan.com\/wp-content\/uploads\/peligros-carretera-2048x1536.jpeg 2048w\" sizes=\"(max-width: 1024px) 100vw, 1024px\" \/><figcaption class=\"wp-element-caption\">The road up to Cape Formentor has some dangerous sections<\/figcaption><\/figure>\n\t\t\t\t\t\t\t\t<\/div>\n\t\t\t\t<\/div>\n\t\t\t\t\t<\/div>\n\t\t<\/div>\n\t\t\t\t\t<\/div>\n\t\t<\/section>\n\t\t\t\t<\/div>","protected":false},"excerpt":{"rendered":"<p>Cape Formentor is an impressive rocky promontory located on the north coast of the island.<br \/>\nof Mallorca, in the Balearic Islands of Spain. This cape is a popular tourist destination due to<br \/>\nits natural beauty, its breathtaking panoramic views of the Mediterranean and its rich history.<\/p>","protected":false},"author":1,"featured_media":1678,"comment_status":"open","ping_status":"closed","sticky":true,"template":"","format":"standard","meta":{"site-sidebar-layout":"default","site-content-layout":"","ast-site-content-layout":"default","site-content-style":"default","site-sidebar-style":"default","ast-global-header-display":"","ast-banner-title-visibility":"","ast-main-header-display":"","ast-hfb-above-header-display":"","ast-hfb-below-header-display":"","ast-hfb-mobile-header-display":"","site-post-title":"","ast-breadcrumbs-content":"","ast-featured-img":"","footer-sml-layout":"","ast-disable-related-posts":"","theme-transparent-header-meta":"","adv-header-id-meta":"","stick-header-meta":"","header-above-stick-meta":"","header-main-stick-meta":"","header-below-stick-meta":"","astra-migrate-meta-layouts":"default","ast-page-background-enabled":"default","ast-page-background-meta":{"desktop":{"background-color":"","background-image":"","background-repeat":"repeat","background-position":"center center","background-size":"auto","background-attachment":"scroll","background-type":"","background-media":"","overlay-type":"","overlay-color":"","overlay-opacity":"","overlay-gradient":""},"tablet":{"background-color":"","background-image":"","background-repeat":"repeat","background-position":"center center","background-size":"auto","background-attachment":"scroll","background-type":"","background-media":"","overlay-type":"","overlay-color":"","overlay-opacity":"","overlay-gradient":""},"mobile":{"background-color":"","background-image":"","background-repeat":"repeat","background-position":"center center","background-size":"auto","background-attachment":"scroll","background-type":"","background-media":"","overlay-type":"","overlay-color":"","overlay-opacity":"","overlay-gradient":""}},"ast-content-background-meta":{"desktop":{"background-color":"var(--ast-global-color-5)","background-image":"","background-repeat":"repeat","background-position":"center center","background-size":"auto","background-attachment":"scroll","background-type":"","background-media":"","overlay-type":"","overlay-color":"","overlay-opacity":"","overlay-gradient":""},"tablet":{"background-color":"var(--ast-global-color-5)","background-image":"","background-repeat":"repeat","background-position":"center center","background-size":"auto","background-attachment":"scroll","background-type":"","background-media":"","overlay-type":"","overlay-color":"","overlay-opacity":"","overlay-gradient":""},"mobile":{"background-color":"var(--ast-global-color-5)","background-image":"","background-repeat":"repeat","background-position":"center center","background-size":"auto","background-attachment":"scroll","background-type":"","background-media":"","overlay-type":"","overlay-color":"","overlay-opacity":"","overlay-gradient":""}},"footnotes":""},"categories":[1],"tags":[23,26],"class_list":["post-1674","post","type-post","status-publish","format-standard","has-post-thumbnail","hentry","category-sin-categorizar","tag-cabo-de-formentor","tag-cabo-de-formentor-en-vernao"],"yoast_head":"<!-- This site is optimized with the Yoast SEO plugin v28.3 - https:\/\/yoast.com\/product\/yoast-seo-wordpress\/ -->\n<title>Cabo Formentor: Un para\u00edso natural en la isla de Mallorca - Two Brothers CamperVan<\/title>\n<meta name=\"robots\" content=\"index, follow, max-snippet:-1, max-image-preview:large, max-video-preview:-1\" \/>\n<link rel=\"canonical\" href=\"https:\/\/twobrotherscampervan.com\/en\/cabo-formentor-paraiso-natural-isla-mallorca\/\" \/>\n<meta property=\"og:locale\" content=\"en_GB\" \/>\n<meta property=\"og:type\" content=\"article\" \/>\n<meta property=\"og:title\" content=\"Cabo Formentor: Un para\u00edso natural en la isla de Mallorca - Two Brothers CamperVan\" \/>\n<meta property=\"og:description\" content=\"Cabo Formentor es un impresionante promontorio rocoso ubicado en la costa norte de la isla de Mallorca, en las Islas Baleares de Espa\u00f1a. Este cabo es un destino tur\u00edstico popular debido a su belleza natural, sus impresionantes vistas panor\u00e1micas del Mediterr\u00e1neo y su rica historia.\" \/>\n<meta property=\"og:url\" content=\"https:\/\/twobrotherscampervan.com\/en\/cabo-formentor-paraiso-natural-isla-mallorca\/\" \/>\n<meta property=\"og:site_name\" content=\"Two Brothers CamperVan\" \/>\n<meta property=\"article:publisher\" content=\"https:\/\/www.facebook.com\/p\/twobrotherscampervan-100063508361247\/\" \/>\n<meta property=\"article:published_time\" content=\"2023-06-05T18:24:13+00:00\" \/>\n<meta property=\"article:modified_time\" content=\"2026-05-27T09:24:36+00:00\" \/>\n<meta property=\"og:image\" content=\"https:\/\/twobrotherscampervan.com\/wp-content\/uploads\/cabo-formentor.jpeg\" \/>\n\t<meta property=\"og:image:width\" content=\"2048\" \/>\n\t<meta property=\"og:image:height\" content=\"1367\" \/>\n\t<meta property=\"og:image:type\" content=\"image\/jpeg\" \/>\n<meta name=\"author\" content=\"admin\" \/>\n<meta name=\"twitter:card\" content=\"summary_large_image\" \/>\n<meta name=\"twitter:label1\" content=\"Written by\" \/>\n\t<meta name=\"twitter:data1\" content=\"admin\" \/>\n\t<meta name=\"twitter:label2\" content=\"Estimated reading time\" \/>\n\t<meta name=\"twitter:data2\" content=\"4 minutes\" \/>\n<script type=\"application\/ld+json\" class=\"yoast-schema-graph\">{\"@context\":\"https:\\\/\\\/schema.org\",\"@graph\":[{\"@type\":\"Article\",\"@id\":\"https:\\\/\\\/twobrotherscampervan.com\\\/cabo-formentor-paraiso-natural-isla-mallorca\\\/#article\",\"isPartOf\":{\"@id\":\"https:\\\/\\\/twobrotherscampervan.com\\\/cabo-formentor-paraiso-natural-isla-mallorca\\\/\"},\"author\":{\"name\":\"admin\",\"@id\":\"https:\\\/\\\/twobrotherscampervan.com\\\/#\\\/schema\\\/person\\\/543f38d282655e217c49158af580703e\"},\"headline\":\"Cabo Formentor: Un para\u00edso natural en la isla de Mallorca\",\"datePublished\":\"2023-06-05T18:24:13+00:00\",\"dateModified\":\"2026-05-27T09:24:36+00:00\",\"mainEntityOfPage\":{\"@id\":\"https:\\\/\\\/twobrotherscampervan.com\\\/cabo-formentor-paraiso-natural-isla-mallorca\\\/\"},\"wordCount\":642,\"commentCount\":0,\"publisher\":{\"@id\":\"https:\\\/\\\/twobrotherscampervan.com\\\/#organization\"},\"image\":{\"@id\":\"https:\\\/\\\/twobrotherscampervan.com\\\/cabo-formentor-paraiso-natural-isla-mallorca\\\/#primaryimage\"},\"thumbnailUrl\":\"https:\\\/\\\/twobrotherscampervan.com\\\/wp-content\\\/uploads\\\/cabo-formentor.jpeg\",\"keywords\":[\"Cabo de Formentor\",\"Cabo de Formentor en vernao\"],\"articleSection\":[\"Sin categorizar\"],\"inLanguage\":\"en-GB\",\"potentialAction\":[{\"@type\":\"CommentAction\",\"name\":\"Comment\",\"target\":[\"https:\\\/\\\/twobrotherscampervan.com\\\/cabo-formentor-paraiso-natural-isla-mallorca\\\/#respond\"]}]},{\"@type\":\"WebPage\",\"@id\":\"https:\\\/\\\/twobrotherscampervan.com\\\/cabo-formentor-paraiso-natural-isla-mallorca\\\/\",\"url\":\"https:\\\/\\\/twobrotherscampervan.com\\\/cabo-formentor-paraiso-natural-isla-mallorca\\\/\",\"name\":\"Cabo Formentor: Un para\u00edso natural en la isla de Mallorca - Two Brothers CamperVan\",\"isPartOf\":{\"@id\":\"https:\\\/\\\/twobrotherscampervan.com\\\/#website\"},\"primaryImageOfPage\":{\"@id\":\"https:\\\/\\\/twobrotherscampervan.com\\\/cabo-formentor-paraiso-natural-isla-mallorca\\\/#primaryimage\"},\"image\":{\"@id\":\"https:\\\/\\\/twobrotherscampervan.com\\\/cabo-formentor-paraiso-natural-isla-mallorca\\\/#primaryimage\"},\"thumbnailUrl\":\"https:\\\/\\\/twobrotherscampervan.com\\\/wp-content\\\/uploads\\\/cabo-formentor.jpeg\",\"datePublished\":\"2023-06-05T18:24:13+00:00\",\"dateModified\":\"2026-05-27T09:24:36+00:00\",\"breadcrumb\":{\"@id\":\"https:\\\/\\\/twobrotherscampervan.com\\\/cabo-formentor-paraiso-natural-isla-mallorca\\\/#breadcrumb\"},\"inLanguage\":\"en-GB\",\"potentialAction\":[{\"@type\":\"ReadAction\",\"target\":[\"https:\\\/\\\/twobrotherscampervan.com\\\/cabo-formentor-paraiso-natural-isla-mallorca\\\/\"]}]},{\"@type\":\"ImageObject\",\"inLanguage\":\"en-GB\",\"@id\":\"https:\\\/\\\/twobrotherscampervan.com\\\/cabo-formentor-paraiso-natural-isla-mallorca\\\/#primaryimage\",\"url\":\"https:\\\/\\\/twobrotherscampervan.com\\\/wp-content\\\/uploads\\\/cabo-formentor.jpeg\",\"contentUrl\":\"https:\\\/\\\/twobrotherscampervan.com\\\/wp-content\\\/uploads\\\/cabo-formentor.jpeg\",\"width\":2048,\"height\":1367,\"caption\":\"Lighthouse of Cap de Formentor, Mallorca, Balearic Islands, Spain around Sunset.\"},{\"@type\":\"BreadcrumbList\",\"@id\":\"https:\\\/\\\/twobrotherscampervan.com\\\/cabo-formentor-paraiso-natural-isla-mallorca\\\/#breadcrumb\",\"itemListElement\":[{\"@type\":\"ListItem\",\"position\":1,\"name\":\"Portada\",\"item\":\"https:\\\/\\\/twobrotherscampervan.com\\\/\"},{\"@type\":\"ListItem\",\"position\":2,\"name\":\"Cabo Formentor: Un para\u00edso natural en la isla de Mallorca\"}]},{\"@type\":\"WebSite\",\"@id\":\"https:\\\/\\\/twobrotherscampervan.com\\\/#website\",\"url\":\"https:\\\/\\\/twobrotherscampervan.com\\\/\",\"name\":\"Two Brothers CamperVan\",\"description\":\"Alquiler de campers Mallorca\",\"publisher\":{\"@id\":\"https:\\\/\\\/twobrotherscampervan.com\\\/#organization\"},\"potentialAction\":[{\"@type\":\"SearchAction\",\"target\":{\"@type\":\"EntryPoint\",\"urlTemplate\":\"https:\\\/\\\/twobrotherscampervan.com\\\/?s={search_term_string}\"},\"query-input\":{\"@type\":\"PropertyValueSpecification\",\"valueRequired\":true,\"valueName\":\"search_term_string\"}}],\"inLanguage\":\"en-GB\"},{\"@type\":\"Organization\",\"@id\":\"https:\\\/\\\/twobrotherscampervan.com\\\/#organization\",\"name\":\"Two Brothers CamperVan\",\"url\":\"https:\\\/\\\/twobrotherscampervan.com\\\/\",\"logo\":{\"@type\":\"ImageObject\",\"inLanguage\":\"en-GB\",\"@id\":\"https:\\\/\\\/twobrotherscampervan.com\\\/#\\\/schema\\\/logo\\\/image\\\/\",\"url\":\"https:\\\/\\\/twobrotherscampervan.com\\\/wp-content\\\/uploads\\\/cropped-cropped-cropped-logo-horizontal-scaled-1.png\",\"contentUrl\":\"https:\\\/\\\/twobrotherscampervan.com\\\/wp-content\\\/uploads\\\/cropped-cropped-cropped-logo-horizontal-scaled-1.png\",\"width\":2560,\"height\":887,\"caption\":\"Two Brothers CamperVan\"},\"image\":{\"@id\":\"https:\\\/\\\/twobrotherscampervan.com\\\/#\\\/schema\\\/logo\\\/image\\\/\"},\"sameAs\":[\"https:\\\/\\\/www.facebook.com\\\/p\\\/twobrotherscampervan-100063508361247\\\/\",\"https:\\\/\\\/www.instagram.com\\\/twobrotherscampervan\\\/\",\"https:\\\/\\\/www.tiktok.com\\\/@twobrotherscampervan\"]},{\"@type\":\"Person\",\"@id\":\"https:\\\/\\\/twobrotherscampervan.com\\\/#\\\/schema\\\/person\\\/543f38d282655e217c49158af580703e\",\"name\":\"admin\",\"image\":{\"@type\":\"ImageObject\",\"inLanguage\":\"en-GB\",\"@id\":\"https:\\\/\\\/twobrotherscampervan.com\\\/wp-content\\\/litespeed\\\/avatar\\\/5560953d0115c2e84574a6b2fbc7bb05.jpg?ver=1787651660\",\"url\":\"https:\\\/\\\/twobrotherscampervan.com\\\/wp-content\\\/litespeed\\\/avatar\\\/5560953d0115c2e84574a6b2fbc7bb05.jpg?ver=1787651660\",\"contentUrl\":\"https:\\\/\\\/twobrotherscampervan.com\\\/wp-content\\\/litespeed\\\/avatar\\\/5560953d0115c2e84574a6b2fbc7bb05.jpg?ver=1787651660\",\"caption\":\"admin\"},\"sameAs\":[\"https:\\\/\\\/twobrotherscampervan.com\"],\"url\":\"https:\\\/\\\/twobrotherscampervan.com\\\/en\\\/author\\\/twobrotherscampervan\\\/\"}]}<\/script>\n<!-- \/ Yoast SEO plugin. -->","yoast_head_json":{"title":"Cabo Formentor: Un para\u00edso natural en la isla de Mallorca - Two Brothers CamperVan","robots":{"index":"index","follow":"follow","max-snippet":"max-snippet:-1","max-image-preview":"max-image-preview:large","max-video-preview":"max-video-preview:-1"},"canonical":"https:\/\/twobrotherscampervan.com\/en\/cabo-formentor-paraiso-natural-isla-mallorca\/","og_locale":"en_GB","og_type":"article","og_title":"Cabo Formentor: Un para\u00edso natural en la isla de Mallorca - Two Brothers CamperVan","og_description":"Cabo Formentor es un impresionante promontorio rocoso ubicado en la costa norte de la isla de Mallorca, en las Islas Baleares de Espa\u00f1a. Este cabo es un destino tur\u00edstico popular debido a su belleza natural, sus impresionantes vistas panor\u00e1micas del Mediterr\u00e1neo y su rica historia.","og_url":"https:\/\/twobrotherscampervan.com\/en\/cabo-formentor-paraiso-natural-isla-mallorca\/","og_site_name":"Two Brothers CamperVan","article_publisher":"https:\/\/www.facebook.com\/p\/twobrotherscampervan-100063508361247\/","article_published_time":"2023-06-05T18:24:13+00:00","article_modified_time":"2026-05-27T09:24:36+00:00","og_image":[{"width":2048,"height":1367,"url":"https:\/\/twobrotherscampervan.com\/wp-content\/uploads\/cabo-formentor.jpeg","type":"image\/jpeg"}],"author":"admin","twitter_card":"summary_large_image","twitter_misc":{"Written by":"admin","Estimated reading time":"4 minutes"},"schema":{"@context":"https:\/\/schema.org","@graph":[{"@type":"Article","@id":"https:\/\/twobrotherscampervan.com\/cabo-formentor-paraiso-natural-isla-mallorca\/#article","isPartOf":{"@id":"https:\/\/twobrotherscampervan.com\/cabo-formentor-paraiso-natural-isla-mallorca\/"},"author":{"name":"admin","@id":"https:\/\/twobrotherscampervan.com\/#\/schema\/person\/543f38d282655e217c49158af580703e"},"headline":"Cabo Formentor: Un para\u00edso natural en la isla de Mallorca","datePublished":"2023-06-05T18:24:13+00:00","dateModified":"2026-05-27T09:24:36+00:00","mainEntityOfPage":{"@id":"https:\/\/twobrotherscampervan.com\/cabo-formentor-paraiso-natural-isla-mallorca\/"},"wordCount":642,"commentCount":0,"publisher":{"@id":"https:\/\/twobrotherscampervan.com\/#organization"},"image":{"@id":"https:\/\/twobrotherscampervan.com\/cabo-formentor-paraiso-natural-isla-mallorca\/#primaryimage"},"thumbnailUrl":"https:\/\/twobrotherscampervan.com\/wp-content\/uploads\/cabo-formentor.jpeg","keywords":["Cabo de Formentor","Cabo de Formentor en vernao"],"articleSection":["Sin categorizar"],"inLanguage":"en-GB","potentialAction":[{"@type":"CommentAction","name":"Comment","target":["https:\/\/twobrotherscampervan.com\/cabo-formentor-paraiso-natural-isla-mallorca\/#respond"]}]},{"@type":"WebPage","@id":"https:\/\/twobrotherscampervan.com\/cabo-formentor-paraiso-natural-isla-mallorca\/","url":"https:\/\/twobrotherscampervan.com\/cabo-formentor-paraiso-natural-isla-mallorca\/","name":"Cabo Formentor: Un para\u00edso natural en la isla de Mallorca - Two Brothers CamperVan","isPartOf":{"@id":"https:\/\/twobrotherscampervan.com\/#website"},"primaryImageOfPage":{"@id":"https:\/\/twobrotherscampervan.com\/cabo-formentor-paraiso-natural-isla-mallorca\/#primaryimage"},"image":{"@id":"https:\/\/twobrotherscampervan.com\/cabo-formentor-paraiso-natural-isla-mallorca\/#primaryimage"},"thumbnailUrl":"https:\/\/twobrotherscampervan.com\/wp-content\/uploads\/cabo-formentor.jpeg","datePublished":"2023-06-05T18:24:13+00:00","dateModified":"2026-05-27T09:24:36+00:00","breadcrumb":{"@id":"https:\/\/twobrotherscampervan.com\/cabo-formentor-paraiso-natural-isla-mallorca\/#breadcrumb"},"inLanguage":"en-GB","potentialAction":[{"@type":"ReadAction","target":["https:\/\/twobrotherscampervan.com\/cabo-formentor-paraiso-natural-isla-mallorca\/"]}]},{"@type":"ImageObject","inLanguage":"en-GB","@id":"https:\/\/twobrotherscampervan.com\/cabo-formentor-paraiso-natural-isla-mallorca\/#primaryimage","url":"https:\/\/twobrotherscampervan.com\/wp-content\/uploads\/cabo-formentor.jpeg","contentUrl":"https:\/\/twobrotherscampervan.com\/wp-content\/uploads\/cabo-formentor.jpeg","width":2048,"height":1367,"caption":"Lighthouse of Cap de Formentor, Mallorca, Balearic Islands, Spain around Sunset."},{"@type":"BreadcrumbList","@id":"https:\/\/twobrotherscampervan.com\/cabo-formentor-paraiso-natural-isla-mallorca\/#breadcrumb","itemListElement":[{"@type":"ListItem","position":1,"name":"Portada","item":"https:\/\/twobrotherscampervan.com\/"},{"@type":"ListItem","position":2,"name":"Cabo Formentor: Un para\u00edso natural en la isla de Mallorca"}]},{"@type":"WebSite","@id":"https:\/\/twobrotherscampervan.com\/#website","url":"https:\/\/twobrotherscampervan.com\/","name":"Two Brothers CamperVan","description":"Campers rental Mallorca","publisher":{"@id":"https:\/\/twobrotherscampervan.com\/#organization"},"potentialAction":[{"@type":"SearchAction","target":{"@type":"EntryPoint","urlTemplate":"https:\/\/twobrotherscampervan.com\/?s={search_term_string}"},"query-input":{"@type":"PropertyValueSpecification","valueRequired":true,"valueName":"search_term_string"}}],"inLanguage":"en-GB"},{"@type":"Organization","@id":"https:\/\/twobrotherscampervan.com\/#organization","name":"Two Brothers CamperVan","url":"https:\/\/twobrotherscampervan.com\/","logo":{"@type":"ImageObject","inLanguage":"en-GB","@id":"https:\/\/twobrotherscampervan.com\/#\/schema\/logo\/image\/","url":"https:\/\/twobrotherscampervan.com\/wp-content\/uploads\/cropped-cropped-cropped-logo-horizontal-scaled-1.png","contentUrl":"https:\/\/twobrotherscampervan.com\/wp-content\/uploads\/cropped-cropped-cropped-logo-horizontal-scaled-1.png","width":2560,"height":887,"caption":"Two Brothers CamperVan"},"image":{"@id":"https:\/\/twobrotherscampervan.com\/#\/schema\/logo\/image\/"},"sameAs":["https:\/\/www.facebook.com\/p\/twobrotherscampervan-100063508361247\/","https:\/\/www.instagram.com\/twobrotherscampervan\/","https:\/\/www.tiktok.com\/@twobrotherscampervan"]},{"@type":"Person","@id":"https:\/\/twobrotherscampervan.com\/#\/schema\/person\/543f38d282655e217c49158af580703e","name":"admin","image":{"@type":"ImageObject","inLanguage":"en-GB","@id":"https:\/\/twobrotherscampervan.com\/wp-content\/litespeed\/avatar\/5560953d0115c2e84574a6b2fbc7bb05.jpg?ver=1787651660","url":"https:\/\/twobrotherscampervan.com\/wp-content\/litespeed\/avatar\/5560953d0115c2e84574a6b2fbc7bb05.jpg?ver=1787651660","contentUrl":"https:\/\/twobrotherscampervan.com\/wp-content\/litespeed\/avatar\/5560953d0115c2e84574a6b2fbc7bb05.jpg?ver=1787651660","caption":"admin"},"sameAs":["https:\/\/twobrotherscampervan.com"],"url":"https:\/\/twobrotherscampervan.com\/en\/author\/twobrotherscampervan\/"}]}},"_links":{"self":[{"href":"https:\/\/twobrotherscampervan.com\/en\/wp-json\/wp\/v2\/posts\/1674","targetHints":{"allow":["GET"]}}],"collection":[{"href":"https:\/\/twobrotherscampervan.com\/en\/wp-json\/wp\/v2\/posts"}],"about":[{"href":"https:\/\/twobrotherscampervan.com\/en\/wp-json\/wp\/v2\/types\/post"}],"author":[{"embeddable":true,"href":"https:\/\/twobrotherscampervan.com\/en\/wp-json\/wp\/v2\/users\/1"}],"replies":[{"embeddable":true,"href":"https:\/\/twobrotherscampervan.com\/en\/wp-json\/wp\/v2\/comments?post=1674"}],"version-history":[{"count":5,"href":"https:\/\/twobrotherscampervan.com\/en\/wp-json\/wp\/v2\/posts\/1674\/revisions"}],"predecessor-version":[{"id":13234,"href":"https:\/\/twobrotherscampervan.com\/en\/wp-json\/wp\/v2\/posts\/1674\/revisions\/13234"}],"wp:featuredmedia":[{"embeddable":true,"href":"https:\/\/twobrotherscampervan.com\/en\/wp-json\/wp\/v2\/media\/1678"}],"wp:attachment":[{"href":"https:\/\/twobrotherscampervan.com\/en\/wp-json\/wp\/v2\/media?parent=1674"}],"wp:term":[{"taxonomy":"category","embeddable":true,"href":"https:\/\/twobrotherscampervan.com\/en\/wp-json\/wp\/v2\/categories?post=1674"},{"taxonomy":"post_tag","embeddable":true,"href":"https:\/\/twobrotherscampervan.com\/en\/wp-json\/wp\/v2\/tags?post=1674"}],"curies":[{"name":"wp","href":"https:\/\/api.w.org\/{rel}","templated":true}]}}