{"id":14094,"date":"2026-07-07T11:24:37","date_gmt":"2026-07-07T11:24:37","guid":{"rendered":"https:\/\/twobrotherscampervan.com\/?p=14094"},"modified":"2026-07-07T11:24:44","modified_gmt":"2026-07-07T11:24:44","slug":"alquiler-furgonetas-camper-mallorca","status":"publish","type":"post","link":"https:\/\/twobrotherscampervan.com\/en\/alquiler-furgonetas-camper-mallorca\/","title":{"rendered":"Campervan hire in Mallorca: a guide to organising your trip"},"content":{"rendered":"\n<p class=\"wp-block-paragraph\">Mallorca es uno de esos destinos que invitan a recorrer sin prisas. Calas escondidas, pueblos con encanto, carreteras de monta\u00f1a, miradores y rincones que no siempre aparecen en una gu\u00eda convencional.<\/p>\n\n\n\n<figure class=\"wp-block-image size-large\"><img fetchpriority=\"high\" decoding=\"async\" width=\"1024\" height=\"576\" src=\"https:\/\/twobrotherscampervan.com\/wp-content\/uploads\/image00015-1024x576.jpeg\" alt=\"\" class=\"wp-image-13739\" srcset=\"https:\/\/twobrotherscampervan.com\/wp-content\/uploads\/image00015-1024x576.jpeg 1024w, https:\/\/twobrotherscampervan.com\/wp-content\/uploads\/image00015-300x169.jpeg 300w, https:\/\/twobrotherscampervan.com\/wp-content\/uploads\/image00015-768x432.jpeg 768w, https:\/\/twobrotherscampervan.com\/wp-content\/uploads\/image00015-1536x864.jpeg 1536w, https:\/\/twobrotherscampervan.com\/wp-content\/uploads\/image00015-2048x1152.jpeg 2048w, https:\/\/twobrotherscampervan.com\/wp-content\/uploads\/image00015-18x10.jpeg 18w\" sizes=\"(max-width: 1024px) 100vw, 1024px\" \/><\/figure>\n\n\n\n<p class=\"wp-block-paragraph\">Por eso, cada vez m\u00e1s viajeros eligen el <strong>alquiler de furgonetas camper en Mallorca<\/strong> como una forma diferente de conocer la isla. Una camper te permite organizar el viaje a tu ritmo, decidir cada ma\u00f1ana hacia d\u00f3nde seguir y disfrutar de Mallorca sin depender tanto de horarios, cambios de alojamiento o rutas cerradas.<\/p>\n\n\n\n<p class=\"wp-block-paragraph\">Tanto si viajas desde la Pen\u00ednsula como si llegas desde cualquier otro punto de Espa\u00f1a, alquilar una furgoneta camper en Mallorca puede ser una de las mejores maneras de convertir unas vacaciones normales en una experiencia mucho m\u00e1s libre.<\/p>\n\n\n\n<div class=\"wp-block-buttons is-layout-flex wp-block-buttons-is-layout-flex\">\n<div class=\"wp-block-button\"><a class=\"wp-block-button__link wp-element-button\" href=\"https:\/\/twobrotherscampervan.com\/campers\/\">Ver nuestras campers<\/a><\/div>\n<\/div>\n\n\n\n<h2 class=\"wp-block-heading\">\u00bfPor qu\u00e9 recorrer Mallorca en una furgoneta camper?<\/h2>\n\n\n\n<p class=\"wp-block-paragraph\">Viajar en camper no consiste solo en cambiar un hotel por una furgoneta. Es una forma de viajar m\u00e1s flexible, m\u00e1s cercana al entorno y pensada para disfrutar del camino tanto como del destino.<\/p>\n\n\n\n<p class=\"wp-block-paragraph\">Con una camper puedes organizar una ruta adaptada a tus d\u00edas de viaje, descubrir distintas zonas de Mallorca y modificar tus planes sobre la marcha. Quiz\u00e1 un d\u00eda quieras recorrer la Serra de Tramuntana, otro acercarte a alguna cala de la costa este y otro perderte por pueblos del interior.<\/p>\n\n\n\n<p class=\"wp-block-paragraph\">Adem\u00e1s, una furgoneta camper te permite llevar contigo lo esencial para disfrutar de la isla con comodidad: espacio para descansar, cocina, menaje, ropa de cama y todo lo necesario para vivir unos d\u00edas de desconexi\u00f3n.<\/p>\n\n\n\n<p class=\"wp-block-paragraph\">En Two Brothers CamperVan contamos con diferentes opciones de camper para parejas, grupos peque\u00f1os y familias, con veh\u00edculos equipados para que puedas empezar tu viaje por Mallorca desde el primer d\u00eda.<\/p>\n\n\n\n<figure class=\"wp-block-image size-large\"><img decoding=\"async\" width=\"1024\" height=\"683\" src=\"https:\/\/twobrotherscampervan.com\/wp-content\/uploads\/TWOBROTHERSCAMPERVANFotografiadeVictorChito4de109-1024x683.jpg\" alt=\"\" class=\"wp-image-13058\" srcset=\"https:\/\/twobrotherscampervan.com\/wp-content\/uploads\/TWOBROTHERSCAMPERVANFotografiadeVictorChito4de109-1024x683.jpg 1024w, https:\/\/twobrotherscampervan.com\/wp-content\/uploads\/TWOBROTHERSCAMPERVANFotografiadeVictorChito4de109-300x200.jpg 300w, https:\/\/twobrotherscampervan.com\/wp-content\/uploads\/TWOBROTHERSCAMPERVANFotografiadeVictorChito4de109-768x512.jpg 768w, https:\/\/twobrotherscampervan.com\/wp-content\/uploads\/TWOBROTHERSCAMPERVANFotografiadeVictorChito4de109-1536x1024.jpg 1536w, https:\/\/twobrotherscampervan.com\/wp-content\/uploads\/TWOBROTHERSCAMPERVANFotografiadeVictorChito4de109-18x12.jpg 18w, https:\/\/twobrotherscampervan.com\/wp-content\/uploads\/TWOBROTHERSCAMPERVANFotografiadeVictorChito4de109.jpg 2048w\" sizes=\"(max-width: 1024px) 100vw, 1024px\" \/><\/figure>\n\n\n\n<h2 class=\"wp-block-heading\">C\u00f3mo organizar un viaje a Mallorca desde cualquier punto de Espa\u00f1a<\/h2>\n\n\n\n<p class=\"wp-block-paragraph\">Una de las grandes ventajas de alquilar una camper directamente en Mallorca es que no necesitas desplazarte hasta la isla con tu propio veh\u00edculo. Puedes llegar en avi\u00f3n o ferry y comenzar la aventura una vez est\u00e9s all\u00ed.<\/p>\n\n\n\n<p class=\"wp-block-paragraph\">Muchos viajeros vuelan desde ciudades como Madrid, Barcelona, Bilbao, Valencia, Sevilla, M\u00e1laga o Santiago de Compostela para pasar unos d\u00edas en Mallorca. Al llegar, solo tienen que recoger su camper, cargar el equipaje y poner rumbo a la primera parada de su ruta.<\/p>\n\n\n\n<p class=\"wp-block-paragraph\">Antes de reservar, merece la pena tener claros algunos aspectos:<\/p>\n\n\n\n<ul class=\"wp-block-list\">\n<li>Las fechas exactas del viaje.<\/li>\n\n\n\n<li>El n\u00famero de personas que vais a viajar.<\/li>\n\n\n\n<li>Los d\u00edas disponibles para recorrer la isla.<\/li>\n\n\n\n<li>El tipo de veh\u00edculo que mejor encaja con vuestro plan.<\/li>\n\n\n\n<li>Si necesit\u00e1is extras como traslado, silla infantil, mascota, paddle surf o alg\u00fan elemento adicional.<\/li>\n<\/ul>\n\n\n\n<p class=\"wp-block-paragraph\">Two Brothers CamperVan ofrece, seg\u00fan disponibilidad, servicio de traslado desde el aeropuerto y diferentes extras que puedes a\u00f1adir durante la reserva.<\/p>\n\n\n\n<h2 class=\"wp-block-heading\">Qu\u00e9 tener en cuenta antes de alquilar una camper en Mallorca<\/h2>\n\n\n\n<p class=\"wp-block-paragraph\">Antes de elegir una furgoneta camper, conviene pensar en c\u00f3mo ser\u00e1 vuestro viaje. No todos los planes son iguales: una escapada rom\u00e1ntica de cuatro d\u00edas no necesita lo mismo que unas vacaciones en familia o una semana completa recorriendo la isla.<\/p>\n\n\n\n<h3 class=\"wp-block-heading\">N\u00famero de viajeros<\/h3>\n\n\n\n<p class=\"wp-block-paragraph\">Lo primero es comprobar cu\u00e1ntas plazas de viaje y de cama necesit\u00e1is. Algunas campers est\u00e1n pensadas para parejas o grupos reducidos, mientras que otras ofrecen m\u00e1s espacio y capacidad para viajar en familia.<\/p>\n\n\n\n<p class=\"wp-block-paragraph\">En la flota de Two Brothers CamperVan hay opciones desde veh\u00edculos compactos para dos personas hasta alternativas con mayor capacidad, como Caracola, con espacio para hasta cinco viajeros y cinco plazas para dormir.<\/p>\n\n\n\n<h3 class=\"wp-block-heading\">Duraci\u00f3n del viaje<\/h3>\n\n\n\n<p class=\"wp-block-paragraph\">Para una primera experiencia, tres o cuatro noches pueden ser suficientes para descubrir una parte importante de Mallorca. Sin embargo, si quieres recorrer la isla con calma, combinar diferentes zonas y dejar espacio para improvisar, lo ideal es disponer de cinco d\u00edas o incluso una semana.<\/p>\n\n\n\n<p class=\"wp-block-paragraph\">La estancia m\u00ednima indicada para algunas de las campers es de tres noches, una duraci\u00f3n perfecta para comenzar a disfrutar de Mallorca sin convertir el viaje en una carrera.<\/p>\n\n\n\n<h3 class=\"wp-block-heading\">Comodidad y equipamiento<\/h3>\n\n\n\n<p class=\"wp-block-paragraph\">Una camper compacta puede ser una opci\u00f3n muy pr\u00e1ctica para una pareja que quiere moverse con facilidad. En cambio, para viajes m\u00e1s largos, familias o personas que buscan m\u00e1s comodidad, puede ser interesante elegir una camper con mayor espacio interior, ba\u00f1o o zonas de descanso m\u00e1s amplias.<\/p>\n\n\n\n<p class=\"wp-block-paragraph\">Las campers de Two Brothers incluyen elementos como cocina, menaje, ropa de cama, nevera, agua corriente, ventilaci\u00f3n y placas solares, aunque el equipamiento concreto puede variar seg\u00fan el modelo.<\/p>\n\n\n\n<div class=\"wp-block-buttons is-layout-flex wp-block-buttons-is-layout-flex\">\n<div class=\"wp-block-button\"><a class=\"wp-block-button__link wp-element-button\" href=\"https:\/\/twobrotherscampervan.com\/campers\/\">Conoce nuestras campers<\/a><\/div>\n<\/div>\n\n\n\n<h2 class=\"wp-block-heading\">\u00bfCu\u00e1ntos d\u00edas hacen falta para disfrutar Mallorca en camper?<\/h2>\n\n\n\n<p class=\"wp-block-paragraph\">Mallorca tiene mucho que ofrecer y, aunque se puede hacer una escapada breve, cuantos m\u00e1s d\u00edas tengas, m\u00e1s f\u00e1cil ser\u00e1 disfrutarla sin prisas.<\/p>\n\n\n\n<h3 class=\"wp-block-heading\">Una escapada de 3 o 4 d\u00edas<\/h3>\n\n\n\n<p class=\"wp-block-paragraph\">Es una buena opci\u00f3n para conocer una zona concreta de la isla y disfrutar de una primera experiencia en camper. Puedes combinar Palma, algunos pueblos del interior, la costa y alg\u00fan punto de la Serra de Tramuntana.<\/p>\n\n\n\n<p class=\"wp-block-paragraph\">[Enlace interno: Ruta circular de 4 d\u00edas desde Palma de Mallorca con tu camper]<\/p>\n\n\n\n<h3 class=\"wp-block-heading\">Entre 5 y 7 d\u00edas<\/h3>\n\n\n\n<p class=\"wp-block-paragraph\">Con una semana puedes crear una ruta m\u00e1s completa, recorrer zonas muy diferentes de Mallorca y dejar tiempo para parar donde realmente te apetezca. Es la opci\u00f3n ideal para quienes quieren conocer la isla con calma y disfrutar de la libertad que ofrece viajar en camper.<\/p>\n\n\n\n<div class=\"wp-block-buttons is-layout-flex wp-block-buttons-is-layout-flex\">\n<div class=\"wp-block-button\"><a class=\"wp-block-button__link wp-element-button\" href=\"https:\/\/twobrotherscampervan.com\/mallorca-en-furgoneta-camper-guia-completa\/\">Mallorca en furgo: gu\u00eda completa<\/a><\/div>\n<\/div>\n\n\n\n<h2 class=\"wp-block-heading\">Mallorca en camper: libertad para viajar a tu ritmo<\/h2>\n\n\n\n<p class=\"wp-block-paragraph\">Una de las cosas m\u00e1s especiales de recorrer Mallorca en camper es que no tienes que elegir un \u00fanico lugar para dormir durante todas las vacaciones. Cada d\u00eda puede ser diferente.<\/p>\n\n\n\n<p class=\"wp-block-paragraph\">Puedes comenzar la ma\u00f1ana cerca de un pueblo tranquilo, recorrer una carretera con vistas al mar, detenerte en un mirador, comer junto a la costa y terminar el d\u00eda descubriendo una nueva zona de la isla.<\/p>\n\n\n\n<p class=\"wp-block-paragraph\">Eso s\u00ed, viajar en camper tambi\u00e9n implica hacerlo de forma responsable. Antes de planificar las pernoctas o estacionamientos, conviene informarse sobre las normas vigentes en cada municipio, respetar las zonas autorizadas y cuidar siempre el entorno.<\/p>\n\n\n\n<p class=\"wp-block-paragraph\">La experiencia gana mucho cuando se viaja con calma, se evita improvisar en exceso y se deja espacio para disfrutar de los planes que no estaban previstos.<\/p>\n\n\n\n<figure class=\"wp-block-image size-large\"><img decoding=\"async\" width=\"1024\" height=\"576\" src=\"https:\/\/twobrotherscampervan.com\/wp-content\/uploads\/0-Na-Clara-atardecer-2-scaled-1-1024x576.jpg\" alt=\"\" class=\"wp-image-9335\" srcset=\"https:\/\/twobrotherscampervan.com\/wp-content\/uploads\/0-Na-Clara-atardecer-2-scaled-1-1024x576.jpg 1024w, https:\/\/twobrotherscampervan.com\/wp-content\/uploads\/0-Na-Clara-atardecer-2-scaled-1-300x169.jpg 300w, https:\/\/twobrotherscampervan.com\/wp-content\/uploads\/0-Na-Clara-atardecer-2-scaled-1-768x432.jpg 768w, https:\/\/twobrotherscampervan.com\/wp-content\/uploads\/0-Na-Clara-atardecer-2-scaled-1-1536x864.jpg 1536w, https:\/\/twobrotherscampervan.com\/wp-content\/uploads\/0-Na-Clara-atardecer-2-scaled-1-2048x1152.jpg 2048w, https:\/\/twobrotherscampervan.com\/wp-content\/uploads\/0-Na-Clara-atardecer-2-scaled-1-18x10.jpg 18w\" sizes=\"(max-width: 1024px) 100vw, 1024px\" \/><\/figure>\n\n\n\n<hr class=\"wp-block-separator has-alpha-channel-opacity\"\/>\n\n\n\n<h2 class=\"wp-block-heading\">Qu\u00e9 camper elegir para tus vacaciones en Mallorca<\/h2>\n\n\n\n<p class=\"wp-block-paragraph\">En Two Brothers CamperVan encontrar\u00e1s diferentes veh\u00edculos para adaptarse a distintos tipos de viaje.<\/p>\n\n\n\n<p class=\"wp-block-paragraph\">Una camper m\u00e1s compacta puede ser perfecta para parejas que buscan comodidad y facilidad para recorrer la isla. Los modelos m\u00e1s amplios son una buena alternativa para quienes viajan varios d\u00edas, quieren m\u00e1s espacio o necesitan una distribuci\u00f3n m\u00e1s completa.<\/p>\n\n\n\n<p class=\"wp-block-paragraph\">Por ejemplo, Sa Calobra destaca por su amplitud, cama doble convertible, nevera, cocina, ropa de cama y otros elementos pensados para disfrutar de una escapada c\u00f3moda por Mallorca.<\/p>\n\n\n\n<p class=\"wp-block-paragraph\">Antes de reservar, revisa bien las plazas disponibles, el tipo de cama, el espacio de almacenamiento y el equipamiento de cada modelo. Elegir la camper adecuada har\u00e1 que el viaje sea mucho m\u00e1s c\u00f3modo desde el principio.<\/p>\n\n\n\n<div class=\"wp-block-buttons is-layout-flex wp-block-buttons-is-layout-flex\">\n<div class=\"wp-block-button\"><a class=\"wp-block-button__link wp-element-button\" href=\"https:\/\/twobrotherscampervan.com\/campers\/\">Elegir camper<\/a><\/div>\n<\/div>\n\n\n\n<h2 class=\"wp-block-heading\">Alquila tu furgoneta camper en Mallorca y empieza la aventura<\/h2>\n\n\n\n<p class=\"wp-block-paragraph\">Mallorca se disfruta de otra manera cuando no tienes que volver cada noche al mismo punto. Cuando puedes cambiar de paisaje, descubrir nuevos rincones y dise\u00f1ar tus vacaciones seg\u00fan lo que realmente te apetece hacer cada d\u00eda.<\/p>\n\n\n\n<p class=\"wp-block-paragraph\">El <strong>alquiler de una furgoneta camper en Mallorca<\/strong> es una opci\u00f3n ideal para parejas, amigos, familias y viajeros que quieren conocer la isla con m\u00e1s libertad, comodidad y flexibilidad.<\/p>\n\n\n\n<p class=\"wp-block-paragraph\">Consulta la disponibilidad de nuestras campers, elige las fechas de tu viaje y prep\u00e1rate para descubrir Mallorca desde una perspectiva diferente.<\/p>\n\n\n\n<div class=\"wp-block-buttons is-layout-flex wp-block-buttons-is-layout-flex\">\n<div class=\"wp-block-button\"><a class=\"wp-block-button__link wp-element-button\" href=\"https:\/\/twobrotherscampervan.com\/reserva\/\">Reservar camper en Mallorca<\/a><\/div>\n<\/div>\n\n\n\n<p class=\"wp-block-paragraph\"><\/p>\n","protected":false},"excerpt":{"rendered":"<p>Mallorca es uno de esos destinos que invitan a recorrer sin prisas. Calas escondidas, pueblos con encanto, carreteras de monta\u00f1a, miradores y rincones que no siempre aparecen en una gu\u00eda convencional. Por eso, cada vez m\u00e1s viajeros eligen el alquiler de furgonetas camper en Mallorca como una forma diferente de conocer la isla. Una camper [&hellip;]<\/p>\n","protected":false},"author":1,"featured_media":0,"comment_status":"closed","ping_status":"closed","sticky":false,"template":"","format":"standard","meta":{"site-sidebar-layout":"default","site-content-layout":"","ast-site-content-layout":"default","site-content-style":"default","site-sidebar-style":"default","ast-global-header-display":"","ast-banner-title-visibility":"","ast-main-header-display":"","ast-hfb-above-header-display":"","ast-hfb-below-header-display":"","ast-hfb-mobile-header-display":"","site-post-title":"","ast-breadcrumbs-content":"","ast-featured-img":"","footer-sml-layout":"","ast-disable-related-posts":"","theme-transparent-header-meta":"","adv-header-id-meta":"","stick-header-meta":"","header-above-stick-meta":"","header-main-stick-meta":"","header-below-stick-meta":"","astra-migrate-meta-layouts":"set","ast-page-background-enabled":"default","ast-page-background-meta":{"desktop":{"background-color":"","background-image":"","background-repeat":"repeat","background-position":"center center","background-size":"auto","background-attachment":"scroll","background-type":"","background-media":"","overlay-type":"","overlay-color":"","overlay-opacity":"","overlay-gradient":""},"tablet":{"background-color":"","background-image":"","background-repeat":"repeat","background-position":"center center","background-size":"auto","background-attachment":"scroll","background-type":"","background-media":"","overlay-type":"","overlay-color":"","overlay-opacity":"","overlay-gradient":""},"mobile":{"background-color":"","background-image":"","background-repeat":"repeat","background-position":"center center","background-size":"auto","background-attachment":"scroll","background-type":"","background-media":"","overlay-type":"","overlay-color":"","overlay-opacity":"","overlay-gradient":""}},"ast-content-background-meta":{"desktop":{"background-color":"var(--ast-global-color-5)","background-image":"","background-repeat":"repeat","background-position":"center center","background-size":"auto","background-attachment":"scroll","background-type":"","background-media":"","overlay-type":"","overlay-color":"","overlay-opacity":"","overlay-gradient":""},"tablet":{"background-color":"var(--ast-global-color-5)","background-image":"","background-repeat":"repeat","background-position":"center center","background-size":"auto","background-attachment":"scroll","background-type":"","background-media":"","overlay-type":"","overlay-color":"","overlay-opacity":"","overlay-gradient":""},"mobile":{"background-color":"var(--ast-global-color-5)","background-image":"","background-repeat":"repeat","background-position":"center center","background-size":"auto","background-attachment":"scroll","background-type":"","background-media":"","overlay-type":"","overlay-color":"","overlay-opacity":"","overlay-gradient":""}},"footnotes":""},"categories":[1],"tags":[],"class_list":["post-14094","post","type-post","status-publish","format-standard","hentry","category-sin-categorizar"],"yoast_head":"<!-- This site is optimized with the Yoast SEO plugin v28.3 - https:\/\/yoast.com\/product\/yoast-seo-wordpress\/ -->\n<title>Alquiler de furgo camper en Mallorca: gu\u00eda para organizar tu viaje<\/title>\n<meta name=\"description\" content=\"C\u00f3mo organizar unas vacaciones en camper por Mallorca, qu\u00e9 tener en cuenta antes de alquilar y c\u00f3mo elegir la opci\u00f3n ideal para tu viaje.\" \/>\n<meta name=\"robots\" content=\"index, follow, max-snippet:-1, max-image-preview:large, max-video-preview:-1\" \/>\n<link rel=\"canonical\" href=\"https:\/\/twobrotherscampervan.com\/en\/alquiler-furgonetas-camper-mallorca\/\" \/>\n<meta property=\"og:locale\" content=\"en_GB\" \/>\n<meta property=\"og:type\" content=\"article\" \/>\n<meta property=\"og:title\" content=\"Alquiler de furgo camper en Mallorca: gu\u00eda para organizar tu viaje\" \/>\n<meta property=\"og:description\" content=\"C\u00f3mo organizar unas vacaciones en camper por Mallorca, qu\u00e9 tener en cuenta antes de alquilar y c\u00f3mo elegir la opci\u00f3n ideal para tu viaje.\" \/>\n<meta property=\"og:url\" content=\"https:\/\/twobrotherscampervan.com\/en\/alquiler-furgonetas-camper-mallorca\/\" \/>\n<meta property=\"og:site_name\" content=\"Two Brothers CamperVan\" \/>\n<meta property=\"article:publisher\" content=\"https:\/\/www.facebook.com\/p\/twobrotherscampervan-100063508361247\/\" \/>\n<meta property=\"article:published_time\" content=\"2026-07-07T11:24:37+00:00\" \/>\n<meta property=\"article:modified_time\" content=\"2026-07-07T11:24:44+00:00\" \/>\n<meta property=\"og:image\" content=\"https:\/\/twobrotherscampervan.com\/wp-content\/uploads\/image00015.jpeg\" \/>\n\t<meta property=\"og:image:width\" content=\"2239\" \/>\n\t<meta property=\"og:image:height\" content=\"1259\" \/>\n\t<meta property=\"og:image:type\" content=\"image\/jpeg\" \/>\n<meta name=\"author\" content=\"admin\" \/>\n<meta name=\"twitter:card\" content=\"summary_large_image\" \/>\n<meta name=\"twitter:label1\" content=\"Written by\" \/>\n\t<meta name=\"twitter:data1\" content=\"admin\" \/>\n\t<meta name=\"twitter:label2\" content=\"Estimated reading time\" \/>\n\t<meta name=\"twitter:data2\" content=\"7 minutes\" \/>\n<script type=\"application\/ld+json\" class=\"yoast-schema-graph\">{\"@context\":\"https:\\\/\\\/schema.org\",\"@graph\":[{\"@type\":\"Article\",\"@id\":\"https:\\\/\\\/twobrotherscampervan.com\\\/alquiler-furgonetas-camper-mallorca\\\/#article\",\"isPartOf\":{\"@id\":\"https:\\\/\\\/twobrotherscampervan.com\\\/alquiler-furgonetas-camper-mallorca\\\/\"},\"author\":{\"name\":\"admin\",\"@id\":\"https:\\\/\\\/twobrotherscampervan.com\\\/#\\\/schema\\\/person\\\/543f38d282655e217c49158af580703e\"},\"headline\":\"Alquiler de furgonetas camper en Mallorca: gu\u00eda para organizar tu viaje\",\"datePublished\":\"2026-07-07T11:24:37+00:00\",\"dateModified\":\"2026-07-07T11:24:44+00:00\",\"mainEntityOfPage\":{\"@id\":\"https:\\\/\\\/twobrotherscampervan.com\\\/alquiler-furgonetas-camper-mallorca\\\/\"},\"wordCount\":1343,\"publisher\":{\"@id\":\"https:\\\/\\\/twobrotherscampervan.com\\\/#organization\"},\"image\":{\"@id\":\"https:\\\/\\\/twobrotherscampervan.com\\\/alquiler-furgonetas-camper-mallorca\\\/#primaryimage\"},\"thumbnailUrl\":\"https:\\\/\\\/twobrotherscampervan.com\\\/wp-content\\\/uploads\\\/image00015-1024x576.jpeg\",\"articleSection\":[\"Sin categorizar\"],\"inLanguage\":\"en-GB\"},{\"@type\":\"WebPage\",\"@id\":\"https:\\\/\\\/twobrotherscampervan.com\\\/alquiler-furgonetas-camper-mallorca\\\/\",\"url\":\"https:\\\/\\\/twobrotherscampervan.com\\\/alquiler-furgonetas-camper-mallorca\\\/\",\"name\":\"Alquiler de furgo camper en Mallorca: gu\u00eda para organizar tu viaje\",\"isPartOf\":{\"@id\":\"https:\\\/\\\/twobrotherscampervan.com\\\/#website\"},\"primaryImageOfPage\":{\"@id\":\"https:\\\/\\\/twobrotherscampervan.com\\\/alquiler-furgonetas-camper-mallorca\\\/#primaryimage\"},\"image\":{\"@id\":\"https:\\\/\\\/twobrotherscampervan.com\\\/alquiler-furgonetas-camper-mallorca\\\/#primaryimage\"},\"thumbnailUrl\":\"https:\\\/\\\/twobrotherscampervan.com\\\/wp-content\\\/uploads\\\/image00015-1024x576.jpeg\",\"datePublished\":\"2026-07-07T11:24:37+00:00\",\"dateModified\":\"2026-07-07T11:24:44+00:00\",\"description\":\"C\u00f3mo organizar unas vacaciones en camper por Mallorca, qu\u00e9 tener en cuenta antes de alquilar y c\u00f3mo elegir la opci\u00f3n ideal para tu viaje.\",\"breadcrumb\":{\"@id\":\"https:\\\/\\\/twobrotherscampervan.com\\\/alquiler-furgonetas-camper-mallorca\\\/#breadcrumb\"},\"inLanguage\":\"en-GB\",\"potentialAction\":[{\"@type\":\"ReadAction\",\"target\":[\"https:\\\/\\\/twobrotherscampervan.com\\\/alquiler-furgonetas-camper-mallorca\\\/\"]}]},{\"@type\":\"ImageObject\",\"inLanguage\":\"en-GB\",\"@id\":\"https:\\\/\\\/twobrotherscampervan.com\\\/alquiler-furgonetas-camper-mallorca\\\/#primaryimage\",\"url\":\"https:\\\/\\\/twobrotherscampervan.com\\\/wp-content\\\/uploads\\\/image00015-1024x576.jpeg\",\"contentUrl\":\"https:\\\/\\\/twobrotherscampervan.com\\\/wp-content\\\/uploads\\\/image00015-1024x576.jpeg\"},{\"@type\":\"BreadcrumbList\",\"@id\":\"https:\\\/\\\/twobrotherscampervan.com\\\/alquiler-furgonetas-camper-mallorca\\\/#breadcrumb\",\"itemListElement\":[{\"@type\":\"ListItem\",\"position\":1,\"name\":\"Portada\",\"item\":\"https:\\\/\\\/twobrotherscampervan.com\\\/\"},{\"@type\":\"ListItem\",\"position\":2,\"name\":\"Alquiler de furgonetas camper en Mallorca: gu\u00eda para organizar tu viaje\"}]},{\"@type\":\"WebSite\",\"@id\":\"https:\\\/\\\/twobrotherscampervan.com\\\/#website\",\"url\":\"https:\\\/\\\/twobrotherscampervan.com\\\/\",\"name\":\"Two Brothers CamperVan\",\"description\":\"Alquiler de campers Mallorca\",\"publisher\":{\"@id\":\"https:\\\/\\\/twobrotherscampervan.com\\\/#organization\"},\"potentialAction\":[{\"@type\":\"SearchAction\",\"target\":{\"@type\":\"EntryPoint\",\"urlTemplate\":\"https:\\\/\\\/twobrotherscampervan.com\\\/?s={search_term_string}\"},\"query-input\":{\"@type\":\"PropertyValueSpecification\",\"valueRequired\":true,\"valueName\":\"search_term_string\"}}],\"inLanguage\":\"en-GB\"},{\"@type\":\"Organization\",\"@id\":\"https:\\\/\\\/twobrotherscampervan.com\\\/#organization\",\"name\":\"Two Brothers CamperVan\",\"url\":\"https:\\\/\\\/twobrotherscampervan.com\\\/\",\"logo\":{\"@type\":\"ImageObject\",\"inLanguage\":\"en-GB\",\"@id\":\"https:\\\/\\\/twobrotherscampervan.com\\\/#\\\/schema\\\/logo\\\/image\\\/\",\"url\":\"https:\\\/\\\/twobrotherscampervan.com\\\/wp-content\\\/uploads\\\/cropped-cropped-cropped-logo-horizontal-scaled-1.png\",\"contentUrl\":\"https:\\\/\\\/twobrotherscampervan.com\\\/wp-content\\\/uploads\\\/cropped-cropped-cropped-logo-horizontal-scaled-1.png\",\"width\":2560,\"height\":887,\"caption\":\"Two Brothers CamperVan\"},\"image\":{\"@id\":\"https:\\\/\\\/twobrotherscampervan.com\\\/#\\\/schema\\\/logo\\\/image\\\/\"},\"sameAs\":[\"https:\\\/\\\/www.facebook.com\\\/p\\\/twobrotherscampervan-100063508361247\\\/\",\"https:\\\/\\\/www.instagram.com\\\/twobrotherscampervan\\\/\",\"https:\\\/\\\/www.tiktok.com\\\/@twobrotherscampervan\"]},{\"@type\":\"Person\",\"@id\":\"https:\\\/\\\/twobrotherscampervan.com\\\/#\\\/schema\\\/person\\\/543f38d282655e217c49158af580703e\",\"name\":\"admin\",\"image\":{\"@type\":\"ImageObject\",\"inLanguage\":\"en-GB\",\"@id\":\"https:\\\/\\\/twobrotherscampervan.com\\\/wp-content\\\/litespeed\\\/avatar\\\/5560953d0115c2e84574a6b2fbc7bb05.jpg?ver=1787651660\",\"url\":\"https:\\\/\\\/twobrotherscampervan.com\\\/wp-content\\\/litespeed\\\/avatar\\\/5560953d0115c2e84574a6b2fbc7bb05.jpg?ver=1787651660\",\"contentUrl\":\"https:\\\/\\\/twobrotherscampervan.com\\\/wp-content\\\/litespeed\\\/avatar\\\/5560953d0115c2e84574a6b2fbc7bb05.jpg?ver=1787651660\",\"caption\":\"admin\"},\"sameAs\":[\"https:\\\/\\\/twobrotherscampervan.com\"],\"url\":\"https:\\\/\\\/twobrotherscampervan.com\\\/en\\\/author\\\/twobrotherscampervan\\\/\"}]}<\/script>\n<!-- \/ Yoast SEO plugin. -->","yoast_head_json":{"title":"Alquiler de furgo camper en Mallorca: gu\u00eda para organizar tu viaje","description":"C\u00f3mo organizar unas vacaciones en camper por Mallorca, qu\u00e9 tener en cuenta antes de alquilar y c\u00f3mo elegir la opci\u00f3n ideal para tu viaje.","robots":{"index":"index","follow":"follow","max-snippet":"max-snippet:-1","max-image-preview":"max-image-preview:large","max-video-preview":"max-video-preview:-1"},"canonical":"https:\/\/twobrotherscampervan.com\/en\/alquiler-furgonetas-camper-mallorca\/","og_locale":"en_GB","og_type":"article","og_title":"Alquiler de furgo camper en Mallorca: gu\u00eda para organizar tu viaje","og_description":"C\u00f3mo organizar unas vacaciones en camper por Mallorca, qu\u00e9 tener en cuenta antes de alquilar y c\u00f3mo elegir la opci\u00f3n ideal para tu viaje.","og_url":"https:\/\/twobrotherscampervan.com\/en\/alquiler-furgonetas-camper-mallorca\/","og_site_name":"Two Brothers CamperVan","article_publisher":"https:\/\/www.facebook.com\/p\/twobrotherscampervan-100063508361247\/","article_published_time":"2026-07-07T11:24:37+00:00","article_modified_time":"2026-07-07T11:24:44+00:00","og_image":[{"width":2239,"height":1259,"url":"https:\/\/twobrotherscampervan.com\/wp-content\/uploads\/image00015.jpeg","type":"image\/jpeg"}],"author":"admin","twitter_card":"summary_large_image","twitter_misc":{"Written by":"admin","Estimated reading time":"7 minutes"},"schema":{"@context":"https:\/\/schema.org","@graph":[{"@type":"Article","@id":"https:\/\/twobrotherscampervan.com\/alquiler-furgonetas-camper-mallorca\/#article","isPartOf":{"@id":"https:\/\/twobrotherscampervan.com\/alquiler-furgonetas-camper-mallorca\/"},"author":{"name":"admin","@id":"https:\/\/twobrotherscampervan.com\/#\/schema\/person\/543f38d282655e217c49158af580703e"},"headline":"Alquiler de furgonetas camper en Mallorca: gu\u00eda para organizar tu viaje","datePublished":"2026-07-07T11:24:37+00:00","dateModified":"2026-07-07T11:24:44+00:00","mainEntityOfPage":{"@id":"https:\/\/twobrotherscampervan.com\/alquiler-furgonetas-camper-mallorca\/"},"wordCount":1343,"publisher":{"@id":"https:\/\/twobrotherscampervan.com\/#organization"},"image":{"@id":"https:\/\/twobrotherscampervan.com\/alquiler-furgonetas-camper-mallorca\/#primaryimage"},"thumbnailUrl":"https:\/\/twobrotherscampervan.com\/wp-content\/uploads\/image00015-1024x576.jpeg","articleSection":["Sin categorizar"],"inLanguage":"en-GB"},{"@type":"WebPage","@id":"https:\/\/twobrotherscampervan.com\/alquiler-furgonetas-camper-mallorca\/","url":"https:\/\/twobrotherscampervan.com\/alquiler-furgonetas-camper-mallorca\/","name":"Alquiler de furgo camper en Mallorca: gu\u00eda para organizar tu viaje","isPartOf":{"@id":"https:\/\/twobrotherscampervan.com\/#website"},"primaryImageOfPage":{"@id":"https:\/\/twobrotherscampervan.com\/alquiler-furgonetas-camper-mallorca\/#primaryimage"},"image":{"@id":"https:\/\/twobrotherscampervan.com\/alquiler-furgonetas-camper-mallorca\/#primaryimage"},"thumbnailUrl":"https:\/\/twobrotherscampervan.com\/wp-content\/uploads\/image00015-1024x576.jpeg","datePublished":"2026-07-07T11:24:37+00:00","dateModified":"2026-07-07T11:24:44+00:00","description":"C\u00f3mo organizar unas vacaciones en camper por Mallorca, qu\u00e9 tener en cuenta antes de alquilar y c\u00f3mo elegir la opci\u00f3n ideal para tu viaje.","breadcrumb":{"@id":"https:\/\/twobrotherscampervan.com\/alquiler-furgonetas-camper-mallorca\/#breadcrumb"},"inLanguage":"en-GB","potentialAction":[{"@type":"ReadAction","target":["https:\/\/twobrotherscampervan.com\/alquiler-furgonetas-camper-mallorca\/"]}]},{"@type":"ImageObject","inLanguage":"en-GB","@id":"https:\/\/twobrotherscampervan.com\/alquiler-furgonetas-camper-mallorca\/#primaryimage","url":"https:\/\/twobrotherscampervan.com\/wp-content\/uploads\/image00015-1024x576.jpeg","contentUrl":"https:\/\/twobrotherscampervan.com\/wp-content\/uploads\/image00015-1024x576.jpeg"},{"@type":"BreadcrumbList","@id":"https:\/\/twobrotherscampervan.com\/alquiler-furgonetas-camper-mallorca\/#breadcrumb","itemListElement":[{"@type":"ListItem","position":1,"name":"Portada","item":"https:\/\/twobrotherscampervan.com\/"},{"@type":"ListItem","position":2,"name":"Alquiler de furgonetas camper en Mallorca: gu\u00eda para organizar tu viaje"}]},{"@type":"WebSite","@id":"https:\/\/twobrotherscampervan.com\/#website","url":"https:\/\/twobrotherscampervan.com\/","name":"Two Brothers CamperVan","description":"Campers rental Mallorca","publisher":{"@id":"https:\/\/twobrotherscampervan.com\/#organization"},"potentialAction":[{"@type":"SearchAction","target":{"@type":"EntryPoint","urlTemplate":"https:\/\/twobrotherscampervan.com\/?s={search_term_string}"},"query-input":{"@type":"PropertyValueSpecification","valueRequired":true,"valueName":"search_term_string"}}],"inLanguage":"en-GB"},{"@type":"Organization","@id":"https:\/\/twobrotherscampervan.com\/#organization","name":"Two Brothers CamperVan","url":"https:\/\/twobrotherscampervan.com\/","logo":{"@type":"ImageObject","inLanguage":"en-GB","@id":"https:\/\/twobrotherscampervan.com\/#\/schema\/logo\/image\/","url":"https:\/\/twobrotherscampervan.com\/wp-content\/uploads\/cropped-cropped-cropped-logo-horizontal-scaled-1.png","contentUrl":"https:\/\/twobrotherscampervan.com\/wp-content\/uploads\/cropped-cropped-cropped-logo-horizontal-scaled-1.png","width":2560,"height":887,"caption":"Two Brothers CamperVan"},"image":{"@id":"https:\/\/twobrotherscampervan.com\/#\/schema\/logo\/image\/"},"sameAs":["https:\/\/www.facebook.com\/p\/twobrotherscampervan-100063508361247\/","https:\/\/www.instagram.com\/twobrotherscampervan\/","https:\/\/www.tiktok.com\/@twobrotherscampervan"]},{"@type":"Person","@id":"https:\/\/twobrotherscampervan.com\/#\/schema\/person\/543f38d282655e217c49158af580703e","name":"admin","image":{"@type":"ImageObject","inLanguage":"en-GB","@id":"https:\/\/twobrotherscampervan.com\/wp-content\/litespeed\/avatar\/5560953d0115c2e84574a6b2fbc7bb05.jpg?ver=1787651660","url":"https:\/\/twobrotherscampervan.com\/wp-content\/litespeed\/avatar\/5560953d0115c2e84574a6b2fbc7bb05.jpg?ver=1787651660","contentUrl":"https:\/\/twobrotherscampervan.com\/wp-content\/litespeed\/avatar\/5560953d0115c2e84574a6b2fbc7bb05.jpg?ver=1787651660","caption":"admin"},"sameAs":["https:\/\/twobrotherscampervan.com"],"url":"https:\/\/twobrotherscampervan.com\/en\/author\/twobrotherscampervan\/"}]}},"_links":{"self":[{"href":"https:\/\/twobrotherscampervan.com\/en\/wp-json\/wp\/v2\/posts\/14094","targetHints":{"allow":["GET"]}}],"collection":[{"href":"https:\/\/twobrotherscampervan.com\/en\/wp-json\/wp\/v2\/posts"}],"about":[{"href":"https:\/\/twobrotherscampervan.com\/en\/wp-json\/wp\/v2\/types\/post"}],"author":[{"embeddable":true,"href":"https:\/\/twobrotherscampervan.com\/en\/wp-json\/wp\/v2\/users\/1"}],"replies":[{"embeddable":true,"href":"https:\/\/twobrotherscampervan.com\/en\/wp-json\/wp\/v2\/comments?post=14094"}],"version-history":[{"count":1,"href":"https:\/\/twobrotherscampervan.com\/en\/wp-json\/wp\/v2\/posts\/14094\/revisions"}],"predecessor-version":[{"id":14095,"href":"https:\/\/twobrotherscampervan.com\/en\/wp-json\/wp\/v2\/posts\/14094\/revisions\/14095"}],"wp:attachment":[{"href":"https:\/\/twobrotherscampervan.com\/en\/wp-json\/wp\/v2\/media?parent=14094"}],"wp:term":[{"taxonomy":"category","embeddable":true,"href":"https:\/\/twobrotherscampervan.com\/en\/wp-json\/wp\/v2\/categories?post=14094"},{"taxonomy":"post_tag","embeddable":true,"href":"https:\/\/twobrotherscampervan.com\/en\/wp-json\/wp\/v2\/tags?post=14094"}],"curies":[{"name":"wp","href":"https:\/\/api.w.org\/{rel}","templated":true}]}}